{"id":9954,"date":"2022-11-26T13:10:14","date_gmt":"2022-11-26T16:10:14","guid":{"rendered":"https:\/\/lrm67.com\/?p=9954"},"modified":"2022-11-26T13:10:14","modified_gmt":"2022-11-26T16:10:14","slug":"balneabilidade-mera-e-neste-fim-de-semana-apenas-5-praias-seguem-improprias-na-regiao","status":"publish","type":"post","link":"https:\/\/lrm67.com\/index.php\/2022\/11\/26\/balneabilidade-mera-e-neste-fim-de-semana-apenas-5-praias-seguem-improprias-na-regiao\/","title":{"rendered":"Balneabilidade melhora e neste fim de semana, apenas 5 praias seguem impr\u00f3prias na regi\u00e3o"},"content":{"rendered":"<p>Marcello Ver\u00edssimo<\/p>\n<p>O tempo abriu no Litoral Norte, as temperaturas subiram e nessa entressafra sem feriados at\u00e9 o Natal ainda \u00e9 poss\u00edvel aproveitar as praias da regi\u00e3o sem muita gente na areia. Durante este fim de semana, cinco praias est\u00e3o impr\u00f3prias para o banho de mar. A constata\u00e7\u00e3o \u00e9 do boletim de balneabilidade da Cetesb (Companhia Ambiental do Estado de S\u00e3o Paulo).<\/p>\n<p>De acordo com a Cetesb, nesta semana, os quatro munic\u00edpios apresentam ao menos uma praia impr\u00f3pria. A an\u00e1lise feita pela companhia apresentou melhora gradativa nas \u00faltimas semanas com a redu\u00e7\u00e3o constante no n\u00famero de praias consideradas inapropriadas ao banho de mar, que s\u00e3o sinalizadas com a bandeira vermelha.<\/p>\n<p>De acordo com o boletim de balneabilidade da Cetesb, a cidade com mais praias impr\u00f3prias neste s\u00e1bado e domingo \u00e9 S\u00e3o Sebasti\u00e3o, com duas praias com bandeira vermelha. Caraguatatuba, Ubatuba e Ilhabela apresentam uma praia impr\u00f3pria.<\/p>\n<p>A Companhia Ambiental do Estado de S\u00e3o Paulo (Cetesb) divulga semanalmente a rela\u00e7\u00e3o do n\u00famero de bact\u00e9rias encontradas na \u00e1gua, que define a balneabilidade das praias. Quando s\u00e3o identificadas mais de 100 col\u00f4nias de bact\u00e9rias, a cada 100 mil\u00edmetros de \u00e1gua, a praia \u00e9 considerada impr\u00f3pria para banho.<\/p>\n<p>Confira as praias impr\u00f3prias no Litoral Norte<\/p>\n<p>S\u00e3o Sebasti\u00e3o<br \/>\nS\u00e3o Francisco<br \/>\nArrast\u00e3o<\/p>\n<p>Ubatuba<br \/>\nItagu\u00e1<\/p>\n<p>Caraguatatuba<br \/>\nPrainha<\/p>\n<p>Ilhabela<br \/>\nViana<\/p>\n","protected":false},"excerpt":{"rendered":"<p>Marcello Ver\u00edssimo O tempo abriu no Litoral Norte, as temperaturas subiram e nessa entressafra sem feriados at\u00e9 o Natal ainda \u00e9 poss\u00edvel aproveitar as praias da regi\u00e3o sem muita gente na areia. Durante este fim de semana, cinco praias est\u00e3o impr\u00f3prias para o banho de mar. A constata\u00e7\u00e3o \u00e9 do boletim de balneabilidade da Cetesb [&hellip;]<\/p>\n","protected":false},"author":26,"featured_media":9955,"comment_status":"open","ping_status":"open","sticky":false,"template":"","format":"standard","meta":{"footnotes":""},"categories":[7,2,3,13],"tags":[],"class_list":["post-9954","post","type-post","status-publish","format-standard","has-post-thumbnail","hentry","category-destaque","category-geral","category-ilhabela","category-sao-sebastiao"],"aioseo_notices":[],"_links":{"self":[{"href":"https:\/\/lrm67.com\/index.php\/wp-json\/wp\/v2\/posts\/9954","targetHints":{"allow":["GET"]}}],"collection":[{"href":"https:\/\/lrm67.com\/index.php\/wp-json\/wp\/v2\/posts"}],"about":[{"href":"https:\/\/lrm67.com\/index.php\/wp-json\/wp\/v2\/types\/post"}],"author":[{"embeddable":true,"href":"https:\/\/lrm67.com\/index.php\/wp-json\/wp\/v2\/users\/26"}],"replies":[{"embeddable":true,"href":"https:\/\/lrm67.com\/index.php\/wp-json\/wp\/v2\/comments?post=9954"}],"version-history":[{"count":1,"href":"https:\/\/lrm67.com\/index.php\/wp-json\/wp\/v2\/posts\/9954\/revisions"}],"predecessor-version":[{"id":9956,"href":"https:\/\/lrm67.com\/index.php\/wp-json\/wp\/v2\/posts\/9954\/revisions\/9956"}],"wp:featuredmedia":[{"embeddable":true,"href":"https:\/\/lrm67.com\/index.php\/wp-json\/wp\/v2\/media\/9955"}],"wp:attachment":[{"href":"https:\/\/lrm67.com\/index.php\/wp-json\/wp\/v2\/media?parent=9954"}],"wp:term":[{"taxonomy":"category","embeddable":true,"href":"https:\/\/lrm67.com\/index.php\/wp-json\/wp\/v2\/categories?post=9954"},{"taxonomy":"post_tag","embeddable":true,"href":"https:\/\/lrm67.com\/index.php\/wp-json\/wp\/v2\/tags?post=9954"}],"curies":[{"name":"wp","href":"https:\/\/api.w.org\/{rel}","templated":true}]}}