{"id":9403,"date":"2022-11-10T12:21:47","date_gmt":"2022-11-10T15:21:47","guid":{"rendered":"https:\/\/lrm67.com\/?p=9403"},"modified":"2022-11-10T12:21:47","modified_gmt":"2022-11-10T15:21:47","slug":"policia-ambtal-alerta-para-importancia-de-denuncias-sobre-pesca-irregular-durante-o-defeso-da-sardinha","status":"publish","type":"post","link":"https:\/\/lrm67.com\/index.php\/2022\/11\/10\/policia-ambtal-alerta-para-importancia-de-denuncias-sobre-pesca-irregular-durante-o-defeso-da-sardinha\/","title":{"rendered":"Pol\u00edcia Ambiental alerta para import\u00e2ncia de den\u00fancias sobre pesca irregular durante o defeso da sardinha"},"content":{"rendered":"<p>Marcello Ver\u00edssimo<\/p>\n<p>A Pol\u00edcia Ambiental no Litoral Paulista alerta para a proibi\u00e7\u00e3o da pesca de sardinhas nas praias de toda a costa do estado. De acordo com a pol\u00edcia, a coopera\u00e7\u00e3o da popula\u00e7\u00e3o \u00e9 essencial para coibir a pr\u00e1tica da pesca irregular neste per\u00edodo, realizando den\u00fancias \u00e0s bases do Litoral Norte, Centro e Litoral Sul.<\/p>\n<p>O defeso da sardinha come\u00e7ou no dia 1\u00ba de outubro deste ano e segue at\u00e9 28 de fevereiro de 2023. O per\u00edodo do defeso \u00e9 estabelecido pela Secretaria de Aquicultura e Pesca do Minist\u00e9rio da Agricultura, Pesca e Abastecimento, conforme a instru\u00e7\u00e3o normativa n\u00ba 18.<\/p>\n<p>Durante patrulhamento de fiscaliza\u00e7\u00e3o, nesta quarta-feira (9), uma equipe da Pol\u00edcia Militar Ambiental Mar\u00edtima flagrou uma rede de emalhe, que estava pr\u00f3ximo da arrebenta\u00e7\u00e3o na praia das Gaivotas, no interior da APAMLC (\u00c1rea de Prote\u00e7\u00e3o Ambiental Marinha do Litoral Centro), em Itanha\u00e9m. O propriet\u00e1rio da rede n\u00e3o foi localizado.<\/p>\n<p>De acordo com a pol\u00edcia, trata-se de uma rede grande com 150 metros de cabo e estacas. A rede possui 40 metros de comprimento e 1,5 metro de altura. A Pol\u00edcia Ambiental informou que o material foi apreendido e, posteriormente, destru\u00eddo.<\/p>\n<p>A Pol\u00edcia Ambiental orienta que den\u00fancias podem ser feitas pelos telefones (12) 3842-0123 e 3842-0355 (Litoral Norte), (13) 3348-4774 e 3348-4773 (Litoral Centro) e nas cidades do Litoral Sul (13) 3853-5750.<\/p>\n","protected":false},"excerpt":{"rendered":"<p>Marcello Ver\u00edssimo A Pol\u00edcia Ambiental no Litoral Paulista alerta para a proibi\u00e7\u00e3o da pesca de sardinhas nas praias de toda a costa do estado. De acordo com a pol\u00edcia, a coopera\u00e7\u00e3o da popula\u00e7\u00e3o \u00e9 essencial para coibir a pr\u00e1tica da pesca irregular neste per\u00edodo, realizando den\u00fancias \u00e0s bases do Litoral Norte, Centro e Litoral Sul. [&hellip;]<\/p>\n","protected":false},"author":26,"featured_media":9404,"comment_status":"open","ping_status":"open","sticky":false,"template":"","format":"standard","meta":{"footnotes":""},"categories":[7,2,18,15],"tags":[],"class_list":["post-9403","post","type-post","status-publish","format-standard","has-post-thumbnail","hentry","category-destaque","category-geral","category-meio-ambiente","category-policia"],"aioseo_notices":[],"_links":{"self":[{"href":"https:\/\/lrm67.com\/index.php\/wp-json\/wp\/v2\/posts\/9403","targetHints":{"allow":["GET"]}}],"collection":[{"href":"https:\/\/lrm67.com\/index.php\/wp-json\/wp\/v2\/posts"}],"about":[{"href":"https:\/\/lrm67.com\/index.php\/wp-json\/wp\/v2\/types\/post"}],"author":[{"embeddable":true,"href":"https:\/\/lrm67.com\/index.php\/wp-json\/wp\/v2\/users\/26"}],"replies":[{"embeddable":true,"href":"https:\/\/lrm67.com\/index.php\/wp-json\/wp\/v2\/comments?post=9403"}],"version-history":[{"count":1,"href":"https:\/\/lrm67.com\/index.php\/wp-json\/wp\/v2\/posts\/9403\/revisions"}],"predecessor-version":[{"id":9405,"href":"https:\/\/lrm67.com\/index.php\/wp-json\/wp\/v2\/posts\/9403\/revisions\/9405"}],"wp:featuredmedia":[{"embeddable":true,"href":"https:\/\/lrm67.com\/index.php\/wp-json\/wp\/v2\/media\/9404"}],"wp:attachment":[{"href":"https:\/\/lrm67.com\/index.php\/wp-json\/wp\/v2\/media?parent=9403"}],"wp:term":[{"taxonomy":"category","embeddable":true,"href":"https:\/\/lrm67.com\/index.php\/wp-json\/wp\/v2\/categories?post=9403"},{"taxonomy":"post_tag","embeddable":true,"href":"https:\/\/lrm67.com\/index.php\/wp-json\/wp\/v2\/tags?post=9403"}],"curies":[{"name":"wp","href":"https:\/\/api.w.org\/{rel}","templated":true}]}}