{"id":9221,"date":"2022-11-03T09:12:43","date_gmt":"2022-11-03T12:12:43","guid":{"rendered":"https:\/\/lrm67.com\/?p=9221"},"modified":"2022-11-03T09:45:24","modified_gmt":"2022-11-03T12:45:24","slug":"dia-de-fdos-leva-milhares-de-pessoas-aos-cemiterios-do-litoral-norte","status":"publish","type":"post","link":"https:\/\/lrm67.com\/index.php\/2022\/11\/03\/dia-de-fdos-leva-milhares-de-pessoas-aos-cemiterios-do-litoral-norte\/","title":{"rendered":"Dia de Finados leva milhares de pessoas aos cemit\u00e9rios do Litoral Norte"},"content":{"rendered":"<p><strong>Marcello Ver\u00edssimo<\/strong><\/p>\n<p>O Dia de Finados, celebrado nesta quarta-feira (2), levou dezenas de pessoas aos cemit\u00e9rios de toda a regi\u00e3o. Mesmo com a chuva, o frio quem tem um ente querido falecido n\u00e3o desanimou e compareceu ao cemit\u00e9rio para deixar flores, acender velas e rezar em mem\u00f3ria dos que j\u00e1 se foram.<\/p>\n<p>O Cemit\u00e9rio Municipal Recanto das Flores, no bairro Indai\u00e1, regi\u00e3o central de Caraguatatuba, ficou aberto das 7h \u00e0s 18h. De acordo com a administra\u00e7\u00e3o, aproximadamente 5 mil pessoas passaram pelo local, que \u00e9 um dos maiores cemit\u00e9rios da regi\u00e3o, ao longo do Dia de Finados.<\/p>\n<p>Em Caragu\u00e1, funcion\u00e1rios da Secretaria de Administra\u00e7\u00e3o da prefeitura juntamente com os<br \/>\nreeducandos do programa &#8220;Ressocializa\u00e7\u00e3o&#8221;, que \u00e9 desenvolvido em parceria com a SAP (Secretaria de Administra\u00e7\u00e3o Penitenci\u00e1ria) do Estado de S\u00e3o Paulo, executaram servi\u00e7os de ro\u00e7ada, capina, pintura de guias e limpeza no cemit\u00e9rio.<\/p>\n<p>Tendas para venda de flores e velas foram montadas na entrada do cemit\u00e9rio. Assim como em Caraguatatuba, no Cemit\u00e9rio Municipal de S\u00e3o Sebasti\u00e3o, na regi\u00e3o central da cidade, tamb\u00e9m foram montadas tendas para venda de flores e de igrejas que estavam realizando ora\u00e7\u00f5es com os visitantes.<\/p>\n<p>O administrador do Cemit\u00e9rio Recanto das Flores, Matheus Mois\u00e9s, disse que a celebra\u00e7\u00e3o do Dia de Finados transcorreu em normalidade e os visitantes procuraram seguir as medidas de seguran\u00e7a para evitar a prolifera\u00e7\u00e3o do mosquito<br \/>\nAedes aegypti, transmissor da Dengue, que encontra nesta \u00e9poca do ano a fase perfeita para proliferar. &#8220;As pessoas cumpriram seu dever e n\u00e3o levaram vasos de planta em recipientes que acumulem \u00e1gua&#8221;, ele disse.<\/p>\n<p>Durante todo o dia tamb\u00e9m foram realizadas missas nos cemit\u00e9rios. Na Capela da Ressurrei\u00e7\u00e3o, que fica no Recanto das Flores, elas aconteceram \u00e0s 7h, 9h, 11h, 12h (ter\u00e7o), 13h, 15h e 17h.<\/p>\n<p>Em S\u00e3o Sebasti\u00e3o, a reportagem do JDL apurou que foram realizadas missas \u00e0s 10h e \u00e0s 16h30, mas nenhum representante da par\u00f3quia municipal foi encontrado para comentar o assunto.<\/p>\n<p>Bela Vista &#8211; O Bela Vista Cemit\u00e9rio Parque, no Jetuba, ficou aberto das 8h \u00e0s 17h neste Dia de Finados. A Par\u00f3quia Nossa Senhora da Visita\u00e7\u00e3o, que fica no Massagua\u00e7u, informou que foi celebrada uma missa \u00e0s 10h para os fi\u00e9is que chegavam ao cemit\u00e9rio, que fica na avenida<br \/>\nMarginal Direita, altura do n\u00famero 5.000, na rodovia que liga Caragu\u00e1 a Ubatuba.<\/p>\n<p>Jean Pierre &#8211; Todo ano, no Dia de Finados, o t\u00famulo do rec\u00e9m-nascido Jean Pierre Thor, ou simplesmente Jean Pierre \u00e9 um dos mais visitados da regi\u00e3o. De acordo com fi\u00e9is cat\u00f3licos, ao menino, filho de pais estrangeiros, s\u00e3o atribu\u00eddos milagres, o que para muitos faz dele uma esp\u00e9cie de anjo. Ele morreu no dia 4 de julho de 1959 em decorr\u00eancia de uma pneumonia, na Casa de Sa\u00fade Stella Maris.<\/p>\n<p>Jean Pierre est\u00e1 sepultado no t\u00famulo 3.030 do Cemit\u00e9rio Municipal.<\/p>\n","protected":false},"excerpt":{"rendered":"<p>Marcello Ver\u00edssimo O Dia de Finados, celebrado nesta quarta-feira (2), levou dezenas de pessoas aos cemit\u00e9rios de toda a regi\u00e3o. Mesmo com a chuva, o frio quem tem um ente querido falecido n\u00e3o desanimou e compareceu ao cemit\u00e9rio para deixar flores, acender velas e rezar em mem\u00f3ria dos que j\u00e1 se foram. O Cemit\u00e9rio Municipal [&hellip;]<\/p>\n","protected":false},"author":26,"featured_media":9222,"comment_status":"open","ping_status":"open","sticky":false,"template":"","format":"standard","meta":{"footnotes":""},"categories":[7,2],"tags":[],"class_list":["post-9221","post","type-post","status-publish","format-standard","has-post-thumbnail","hentry","category-destaque","category-geral"],"aioseo_notices":[],"_links":{"self":[{"href":"https:\/\/lrm67.com\/index.php\/wp-json\/wp\/v2\/posts\/9221","targetHints":{"allow":["GET"]}}],"collection":[{"href":"https:\/\/lrm67.com\/index.php\/wp-json\/wp\/v2\/posts"}],"about":[{"href":"https:\/\/lrm67.com\/index.php\/wp-json\/wp\/v2\/types\/post"}],"author":[{"embeddable":true,"href":"https:\/\/lrm67.com\/index.php\/wp-json\/wp\/v2\/users\/26"}],"replies":[{"embeddable":true,"href":"https:\/\/lrm67.com\/index.php\/wp-json\/wp\/v2\/comments?post=9221"}],"version-history":[{"count":1,"href":"https:\/\/lrm67.com\/index.php\/wp-json\/wp\/v2\/posts\/9221\/revisions"}],"predecessor-version":[{"id":9223,"href":"https:\/\/lrm67.com\/index.php\/wp-json\/wp\/v2\/posts\/9221\/revisions\/9223"}],"wp:featuredmedia":[{"embeddable":true,"href":"https:\/\/lrm67.com\/index.php\/wp-json\/wp\/v2\/media\/9222"}],"wp:attachment":[{"href":"https:\/\/lrm67.com\/index.php\/wp-json\/wp\/v2\/media?parent=9221"}],"wp:term":[{"taxonomy":"category","embeddable":true,"href":"https:\/\/lrm67.com\/index.php\/wp-json\/wp\/v2\/categories?post=9221"},{"taxonomy":"post_tag","embeddable":true,"href":"https:\/\/lrm67.com\/index.php\/wp-json\/wp\/v2\/tags?post=9221"}],"curies":[{"name":"wp","href":"https:\/\/api.w.org\/{rel}","templated":true}]}}