{"id":9170,"date":"2022-11-01T14:26:35","date_gmt":"2022-11-01T17:26:35","guid":{"rendered":"https:\/\/lrm67.com\/?p=9170"},"modified":"2022-11-01T14:26:35","modified_gmt":"2022-11-01T17:26:35","slug":"chefe-da-divisao-de-pesca-da-semam-de-sao-sebastiao-e-selecionado-para-compor-o-banco-tecnico-cientifico-que-ira-subsidiar-a-rede-pesca-brasil","status":"publish","type":"post","link":"https:\/\/lrm67.com\/index.php\/2022\/11\/01\/chefe-da-divisao-de-pesca-da-semam-de-sao-sebastiao-e-selecionado-para-compor-o-banco-tecnico-cientifico-que-ira-subsidiar-a-rede-pesca-brasil\/","title":{"rendered":"Chefe da Divis\u00e3o de Pesca da SEMAM de S\u00e3o Sebasti\u00e3o \u00e9 selecionado para compor o Banco T\u00e9cnico-Cient\u00edfico que ir\u00e1 subsidiar a Rede Pesca Brasil"},"content":{"rendered":"<p style=\"font-weight: 400;\">O Chefe da Divis\u00e3o de Pesca da Secretaria do Meio Ambiente da Prefeitura de S\u00e3o Sebasti\u00e3o, Felippe Aldert Postuma, foi selecionado para compor o Banco T\u00e9cnico-Cient\u00edfico que ir\u00e1 subsidiar a Rede Nacional Colaborativa para a Gest\u00e3o Sustent\u00e1vel dos Recursos Pesqueiros &#8211; Rede Pesca Brasil, que tem car\u00e1ter consultivo e de assessoramento e o objetivo de subsidiar a gest\u00e3o para o uso sustent\u00e1vel dos recursos pesqueiros.<\/p>\n<p style=\"font-weight: 400;\">A lista dos selecionados foi divulgada por meio da publica\u00e7\u00e3o da Portaria SAP\/MAPA n\u00ba 1.277, de 26 de Setembro de 2022, que pode ser conferida no link\u00a0<a href=\"https:\/\/www.gov.br\/agricultura\/pt-br\/assuntos\/aquicultura-e-pesca\/pesca\/rede-pesca-brasil\/banco-tecnico-cientifico\/portarias-de-nomeacoes\" data-saferedirecturl=\"https:\/\/www.google.com\/url?q=https:\/\/www.gov.br\/agricultura\/pt-br\/assuntos\/aquicultura-e-pesca\/pesca\/rede-pesca-brasil\/banco-tecnico-cientifico\/portarias-de-nomeacoes&amp;source=gmail&amp;ust=1667409834218000&amp;usg=AOvVaw32-KmyW2v9Om3r1XvbthHA\">https:\/\/www.gov.br\/agricultura\/pt-br\/assuntos\/aquicultura-e-pesca\/pesca\/rede-pesca-brasil\/banco-tecnico-cientifico\/portarias-de-nomeacoes<\/a>.<\/p>\n<p style=\"font-weight: 400;\">A Rede Pesca Brasil \u00e9 composta por representantes de \u00f3rg\u00e3os e entidades da administra\u00e7\u00e3o p\u00fablica federal, estadual, distrital ou municipal e da sociedade envolvida com a atividade pesqueira.<\/p>\n<p style=\"font-weight: 400;\">O Chefe da Divis\u00e3o de Pesca do munic\u00edpio ir\u00e1 compor o grupo para subsidiar a Secretaria de Aquicultura e Pesca do Minist\u00e9rio da Agricultura, Pecu\u00e1ria e Abastecimento e a Rede Pesca Brasil em suas atribui\u00e7\u00f5es relacionadas \u00e0 atividade pesqueira, auxiliando na resolu\u00e7\u00e3o das demandas dos comit\u00eas permanentes de gest\u00e3o da pesca e do uso sustent\u00e1vel dos recursos pesqueiros. Tamb\u00e9m auxiliar\u00e1 a gest\u00e3o da Pol\u00edtica Nacional de Desenvolvimento Sustent\u00e1vel da Aquicultura e da Pesca no Brasil.<\/p>\n","protected":false},"excerpt":{"rendered":"<p>O Chefe da Divis\u00e3o de Pesca da Secretaria do Meio Ambiente da Prefeitura de S\u00e3o Sebasti\u00e3o, Felippe Aldert Postuma, foi selecionado para compor o Banco T\u00e9cnico-Cient\u00edfico que ir\u00e1 subsidiar a Rede Nacional Colaborativa para a Gest\u00e3o Sustent\u00e1vel dos Recursos Pesqueiros &#8211; Rede Pesca Brasil, que tem car\u00e1ter consultivo e de assessoramento e o objetivo de [&hellip;]<\/p>\n","protected":false},"author":26,"featured_media":9171,"comment_status":"open","ping_status":"open","sticky":false,"template":"","format":"standard","meta":{"footnotes":""},"categories":[2,13],"tags":[],"class_list":["post-9170","post","type-post","status-publish","format-standard","has-post-thumbnail","hentry","category-geral","category-sao-sebastiao"],"aioseo_notices":[],"_links":{"self":[{"href":"https:\/\/lrm67.com\/index.php\/wp-json\/wp\/v2\/posts\/9170","targetHints":{"allow":["GET"]}}],"collection":[{"href":"https:\/\/lrm67.com\/index.php\/wp-json\/wp\/v2\/posts"}],"about":[{"href":"https:\/\/lrm67.com\/index.php\/wp-json\/wp\/v2\/types\/post"}],"author":[{"embeddable":true,"href":"https:\/\/lrm67.com\/index.php\/wp-json\/wp\/v2\/users\/26"}],"replies":[{"embeddable":true,"href":"https:\/\/lrm67.com\/index.php\/wp-json\/wp\/v2\/comments?post=9170"}],"version-history":[{"count":1,"href":"https:\/\/lrm67.com\/index.php\/wp-json\/wp\/v2\/posts\/9170\/revisions"}],"predecessor-version":[{"id":9172,"href":"https:\/\/lrm67.com\/index.php\/wp-json\/wp\/v2\/posts\/9170\/revisions\/9172"}],"wp:featuredmedia":[{"embeddable":true,"href":"https:\/\/lrm67.com\/index.php\/wp-json\/wp\/v2\/media\/9171"}],"wp:attachment":[{"href":"https:\/\/lrm67.com\/index.php\/wp-json\/wp\/v2\/media?parent=9170"}],"wp:term":[{"taxonomy":"category","embeddable":true,"href":"https:\/\/lrm67.com\/index.php\/wp-json\/wp\/v2\/categories?post=9170"},{"taxonomy":"post_tag","embeddable":true,"href":"https:\/\/lrm67.com\/index.php\/wp-json\/wp\/v2\/tags?post=9170"}],"curies":[{"name":"wp","href":"https:\/\/api.w.org\/{rel}","templated":true}]}}