{"id":9162,"date":"2022-11-01T08:42:16","date_gmt":"2022-11-01T11:42:16","guid":{"rendered":"https:\/\/lrm67.com\/?p=9162"},"modified":"2022-11-01T08:42:16","modified_gmt":"2022-11-01T11:42:16","slug":"caminhoneiros-do-lial-norte-fecham-tamoios-e-pedem-queda-de-lula","status":"publish","type":"post","link":"https:\/\/lrm67.com\/index.php\/2022\/11\/01\/caminhoneiros-do-lial-norte-fecham-tamoios-e-pedem-queda-de-lula\/","title":{"rendered":"Caminhoneiros do Litoral Norte fecham Tamoios e pedem queda de Lula"},"content":{"rendered":"<p>Marcello Ver\u00edssimo<\/p>\n<p>Caminhoneiros de Caraguatatuba organizaram na noite desta segunda-feira (31) uma carreata at\u00e9 a sa\u00edda da cidade para bloquear a Rodovia dos Tamoios. A manifesta\u00e7\u00e3o come\u00e7ou por volta das 20h. O grupo saiu da Pra\u00e7a de Eventos no bairro Porto Novo pela orla da praia com destino ao centro e depois se dirigiu ao p\u00e9 da serra, na descida da rodovia.<\/p>\n<p>A manifesta\u00e7\u00e3o no litoral foi organizada por meio de grupos no Whatsapp. De acordo com os seorganizadores, mais de 600 pessoas aderiram ao movimento al\u00e9m dos caminhoneiros. Os caminhoneiros s\u00e3o contr\u00e1rios \u00e0 elei\u00e7\u00e3o do presidente Luiz In\u00e1cio Lula da Silva e se juntam ao movimento nacional que paralisou rodovias em diferentes pontos do pa\u00eds.<\/p>\n<p>O grupo bloqueou um ponto estrat\u00e9gico da rodovia pr\u00f3ximo do supermercado Shibata, embaixo do viaduto nos arredores do terminal rodovi\u00e1rio, impossibilitando o tr\u00e2nsito em ambos os sentidos. Os caminh\u00f5es tamb\u00e9m ocuparam a parte de cima do viaduto.<\/p>\n<p>Durante o protesto, dezenas de pessoas ocuparam a pista, a p\u00e9. Eram fam\u00edlias inteiras, mulheres e crian\u00e7as, muitas pessoas vestidas com a camisa do Brasil e segurando a bandeira nacional.<\/p>\n<p>Os manifestantes pedem interven\u00e7\u00e3o militar no pa\u00eds e a queda de Lula. Os primeiros efeitos da paralisa\u00e7\u00e3o nas estradas j\u00e1 era sentido nos postos de gasolina na noite desta segunda-feira, em S\u00e3o Sebasti\u00e3o e Caragu\u00e1, que estavam sem combust\u00edvel nas bombas.<\/p>\n<p>A Pol\u00edcia Militar e a Pol\u00edcia Rodovi\u00e1ria n\u00e3o impediram a manifesta\u00e7\u00e3o dos cidad\u00e3os. Durante a noite, a reportagem do JDL recebeu relatos de paralisa\u00e7\u00e3o tamb\u00e9m nas rodovias em Ubatuba.<\/p>\n<p>A Rodovia dos Tamoios permaneceu bloqueada por horas durante o per\u00edodo da noite e tamb\u00e9m de madrugada. De acordo com os manifestantes, durante o movimento s\u00f3 foi aberta exce\u00e7\u00e3o aos motoboys, ve\u00edculos de emerg\u00eancia e alguns carros no sentido litoral.<\/p>\n<p>Ainda na noite de ontem, o ministro Alexandre de Moraes, do Supremo Tribunal Federal (STF), determinou que a Pol\u00edcia Rodovi\u00e1ria Federal e as pol\u00edcias militares dos estados tomem a\u00e7\u00f5es imediatas para desobstru\u00e7\u00e3o de vias ocupadas ilegalmente.<\/p>\n<p>O ministro tamb\u00e9m estipulou para o diretor da PRF, Silvinei Vasques, em caso de descumprimento da ordem, multa de R$ 100 mil por hora e eventual afastamento do cargo.<\/p>\n<p>A Rodovia dos Tamoios ainda segue bloqueada desde o in\u00edcio da manh\u00e3 desta ter\u00e7a-feira (1\u00ba). Em grupos de Whatsapp da regi\u00e3o, motoristas relatam que n\u00e3o conseguem passar para prosseguir viagem rumo a S\u00e3o Paulo e S\u00e3o Jos\u00e9 dos Campos.<\/p>\n<p><img fetchpriority=\"high\" decoding=\"async\" class=\"alignnone size-full wp-image-9164\" src=\"https:\/\/lrm67.com\/wp-content\/uploads\/2022\/11\/349bcaa9-e105-4cf6-beaf-e3c7b6da403f.jpg\" alt=\"\" width=\"1599\" height=\"899\" srcset=\"https:\/\/lrm67.com\/wp-content\/uploads\/2022\/11\/349bcaa9-e105-4cf6-beaf-e3c7b6da403f.jpg 1599w, https:\/\/lrm67.com\/wp-content\/uploads\/2022\/11\/349bcaa9-e105-4cf6-beaf-e3c7b6da403f-300x169.jpg 300w, https:\/\/lrm67.com\/wp-content\/uploads\/2022\/11\/349bcaa9-e105-4cf6-beaf-e3c7b6da403f-1024x576.jpg 1024w, https:\/\/lrm67.com\/wp-content\/uploads\/2022\/11\/349bcaa9-e105-4cf6-beaf-e3c7b6da403f-768x432.jpg 768w, https:\/\/lrm67.com\/wp-content\/uploads\/2022\/11\/349bcaa9-e105-4cf6-beaf-e3c7b6da403f-1536x864.jpg 1536w\" sizes=\"(max-width: 1599px) 100vw, 1599px\" \/><img decoding=\"async\" class=\"alignnone size-full wp-image-9165\" src=\"https:\/\/lrm67.com\/wp-content\/uploads\/2022\/11\/a935058b-4d6d-473a-9ffe-626cb7e080f6.jpg\" alt=\"\" width=\"1599\" height=\"899\" srcset=\"https:\/\/lrm67.com\/wp-content\/uploads\/2022\/11\/a935058b-4d6d-473a-9ffe-626cb7e080f6.jpg 1599w, https:\/\/lrm67.com\/wp-content\/uploads\/2022\/11\/a935058b-4d6d-473a-9ffe-626cb7e080f6-300x169.jpg 300w, https:\/\/lrm67.com\/wp-content\/uploads\/2022\/11\/a935058b-4d6d-473a-9ffe-626cb7e080f6-1024x576.jpg 1024w, https:\/\/lrm67.com\/wp-content\/uploads\/2022\/11\/a935058b-4d6d-473a-9ffe-626cb7e080f6-768x432.jpg 768w, https:\/\/lrm67.com\/wp-content\/uploads\/2022\/11\/a935058b-4d6d-473a-9ffe-626cb7e080f6-1536x864.jpg 1536w\" sizes=\"(max-width: 1599px) 100vw, 1599px\" \/><\/p>\n","protected":false},"excerpt":{"rendered":"<p>Marcello Ver\u00edssimo Caminhoneiros de Caraguatatuba organizaram na noite desta segunda-feira (31) uma carreata at\u00e9 a sa\u00edda da cidade para bloquear a Rodovia dos Tamoios. A manifesta\u00e7\u00e3o come\u00e7ou por volta das 20h. O grupo saiu da Pra\u00e7a de Eventos no bairro Porto Novo pela orla da praia com destino ao centro e depois se dirigiu ao [&hellip;]<\/p>\n","protected":false},"author":26,"featured_media":9163,"comment_status":"open","ping_status":"open","sticky":false,"template":"","format":"standard","meta":{"footnotes":""},"categories":[7,39,16],"tags":[],"class_list":["post-9162","post","type-post","status-publish","format-standard","has-post-thumbnail","hentry","category-destaque","category-eleicoes-2022","category-politica"],"aioseo_notices":[],"_links":{"self":[{"href":"https:\/\/lrm67.com\/index.php\/wp-json\/wp\/v2\/posts\/9162","targetHints":{"allow":["GET"]}}],"collection":[{"href":"https:\/\/lrm67.com\/index.php\/wp-json\/wp\/v2\/posts"}],"about":[{"href":"https:\/\/lrm67.com\/index.php\/wp-json\/wp\/v2\/types\/post"}],"author":[{"embeddable":true,"href":"https:\/\/lrm67.com\/index.php\/wp-json\/wp\/v2\/users\/26"}],"replies":[{"embeddable":true,"href":"https:\/\/lrm67.com\/index.php\/wp-json\/wp\/v2\/comments?post=9162"}],"version-history":[{"count":1,"href":"https:\/\/lrm67.com\/index.php\/wp-json\/wp\/v2\/posts\/9162\/revisions"}],"predecessor-version":[{"id":9166,"href":"https:\/\/lrm67.com\/index.php\/wp-json\/wp\/v2\/posts\/9162\/revisions\/9166"}],"wp:featuredmedia":[{"embeddable":true,"href":"https:\/\/lrm67.com\/index.php\/wp-json\/wp\/v2\/media\/9163"}],"wp:attachment":[{"href":"https:\/\/lrm67.com\/index.php\/wp-json\/wp\/v2\/media?parent=9162"}],"wp:term":[{"taxonomy":"category","embeddable":true,"href":"https:\/\/lrm67.com\/index.php\/wp-json\/wp\/v2\/categories?post=9162"},{"taxonomy":"post_tag","embeddable":true,"href":"https:\/\/lrm67.com\/index.php\/wp-json\/wp\/v2\/tags?post=9162"}],"curies":[{"name":"wp","href":"https:\/\/api.w.org\/{rel}","templated":true}]}}