{"id":9086,"date":"2022-10-28T09:55:09","date_gmt":"2022-10-28T12:55:09","guid":{"rendered":"https:\/\/lrm67.com\/?p=9086"},"modified":"2022-10-28T09:55:09","modified_gmt":"2022-10-28T12:55:09","slug":"apoiadores-de-bolaro-e-lula-promovem-eventos-em-apoio-ao-candidatos-neste-sabado-no-ln","status":"publish","type":"post","link":"https:\/\/lrm67.com\/index.php\/2022\/10\/28\/apoiadores-de-bolaro-e-lula-promovem-eventos-em-apoio-ao-candidatos-neste-sabado-no-ln\/","title":{"rendered":"Apoiadores de Bolsonaro e Lula promovem eventos em apoio ao candidatos neste s\u00e1bado no LN"},"content":{"rendered":"<p><strong>Marcello Ver\u00edssimo<\/strong><\/p>\n<p>Apoiadores do presidente Jair Bolsonaro (PL) e do candidato ao governo de S\u00e3o Paulo, Tarc\u00edsio de Freitas (Republicanos) realizam uma motocarreata neste s\u00e1bado, dia 29 de outubro, um dia antes da vota\u00e7\u00e3o do segundo turno das elei\u00e7\u00f5es, em S\u00e3o Sebasti\u00e3o. A concentra\u00e7\u00e3o est\u00e1 marcada para \u00e0s 11h22, na Rua da Praia, em frente a Delegacia da Capitania dos Portos &#8220;Marinha do Brasil&#8221;.<\/p>\n<p>A sa\u00edda est\u00e1 marcada para \u00e0s 12:22h com destino a Pra\u00e7a de Eventos do Porto Novo em Caraguatatuba. De acordo com os organizadores, um dos objetivos da carreata \u00e9 mostrar at\u00e9 mesmo para aqueles que est\u00e3o indecisos que tem muita gente lutando pelo Brasil independentemente do vi\u00e9s pol\u00edtico e ideol\u00f3gico.<\/p>\n<p>O evento ser\u00e1 aberto a todos, principalmente as fam\u00edlias e amigos em total apoio ao Presidente da Rep\u00fablica e ao candidato ao governo do estado Tarc\u00edsio de Freitas. &#8220;Todas as direitas do Litoral Norte est\u00e3o unidas, para que este evento tenha o m\u00e1ximo de \u00eaxito poss\u00edvel\u201d, dizem os organizadores.<\/p>\n<p>Caraguatatuba &#8211; Em Caraguatatuba, um grande encontro dos patriotas de direita do Litoral Norte tamb\u00e9m est\u00e1 marcado para acontecer \u00e0s 14:22h. O encontro ter\u00e1 o apoio do Padre Marcelo Thurmann, de Ubatuba. Est\u00e3o programadas diversas atividades, entre ora\u00e7\u00f5es e confraterniza\u00e7\u00f5es.<\/p>\n<p>De acordo com a organiza\u00e7\u00e3o, ainda ser\u00e1 poss\u00edvel adesivar os carros para quem desejar participar.<\/p>\n<p>PT &#8211; Tamb\u00e9m no s\u00e1bado o Partido dos Trabalhadores realizam um bandeira\u00e7o em S\u00e3o Sebasti\u00e3o em apoio ao ex-presidente Lula, candidato que disputa a presid\u00eancia com Bolsonaro. Al\u00e9m disso, os integrantes do partido pretendem fazer corpo a corpo com eleitores.<\/p>\n<p>De acordo com o Partido dos Trabalhadores, o evento acontece de manh\u00e3 em Boicucanga, na costa sul de S\u00e3o Sebasti\u00e3o e \u00e0 tarde na Topol\u00e2ndia, regi\u00e3o central.<\/p>\n","protected":false},"excerpt":{"rendered":"<p>Marcello Ver\u00edssimo Apoiadores do presidente Jair Bolsonaro (PL) e do candidato ao governo de S\u00e3o Paulo, Tarc\u00edsio de Freitas (Republicanos) realizam uma motocarreata neste s\u00e1bado, dia 29 de outubro, um dia antes da vota\u00e7\u00e3o do segundo turno das elei\u00e7\u00f5es, em S\u00e3o Sebasti\u00e3o. A concentra\u00e7\u00e3o est\u00e1 marcada para \u00e0s 11h22, na Rua da Praia, em frente [&hellip;]<\/p>\n","protected":false},"author":26,"featured_media":9087,"comment_status":"open","ping_status":"open","sticky":false,"template":"","format":"standard","meta":{"footnotes":""},"categories":[7,39,16],"tags":[],"class_list":["post-9086","post","type-post","status-publish","format-standard","has-post-thumbnail","hentry","category-destaque","category-eleicoes-2022","category-politica"],"aioseo_notices":[],"_links":{"self":[{"href":"https:\/\/lrm67.com\/index.php\/wp-json\/wp\/v2\/posts\/9086","targetHints":{"allow":["GET"]}}],"collection":[{"href":"https:\/\/lrm67.com\/index.php\/wp-json\/wp\/v2\/posts"}],"about":[{"href":"https:\/\/lrm67.com\/index.php\/wp-json\/wp\/v2\/types\/post"}],"author":[{"embeddable":true,"href":"https:\/\/lrm67.com\/index.php\/wp-json\/wp\/v2\/users\/26"}],"replies":[{"embeddable":true,"href":"https:\/\/lrm67.com\/index.php\/wp-json\/wp\/v2\/comments?post=9086"}],"version-history":[{"count":1,"href":"https:\/\/lrm67.com\/index.php\/wp-json\/wp\/v2\/posts\/9086\/revisions"}],"predecessor-version":[{"id":9088,"href":"https:\/\/lrm67.com\/index.php\/wp-json\/wp\/v2\/posts\/9086\/revisions\/9088"}],"wp:featuredmedia":[{"embeddable":true,"href":"https:\/\/lrm67.com\/index.php\/wp-json\/wp\/v2\/media\/9087"}],"wp:attachment":[{"href":"https:\/\/lrm67.com\/index.php\/wp-json\/wp\/v2\/media?parent=9086"}],"wp:term":[{"taxonomy":"category","embeddable":true,"href":"https:\/\/lrm67.com\/index.php\/wp-json\/wp\/v2\/categories?post=9086"},{"taxonomy":"post_tag","embeddable":true,"href":"https:\/\/lrm67.com\/index.php\/wp-json\/wp\/v2\/tags?post=9086"}],"curies":[{"name":"wp","href":"https:\/\/api.w.org\/{rel}","templated":true}]}}