{"id":8980,"date":"2022-10-24T17:34:50","date_gmt":"2022-10-24T20:34:50","guid":{"rendered":"https:\/\/lrm67.com\/?p=8980"},"modified":"2022-10-24T17:34:50","modified_gmt":"2022-10-24T20:34:50","slug":"felicio-rah-cumpre-agenda-de-campanha-em-caraguatatuba-nesta-terca-feira-25","status":"publish","type":"post","link":"https:\/\/lrm67.com\/index.php\/2022\/10\/24\/felicio-rah-cumpre-agenda-de-campanha-em-caraguatatuba-nesta-terca-feira-25\/","title":{"rendered":"Fel\u00edcio Ramuth cumpre agenda de campanha em Caraguatatuba nesta ter\u00e7a-feira (25)"},"content":{"rendered":"<p><strong>Marcello Ver\u00edssimo<\/strong><\/p>\n<p>O candidato a vice-governador Fel\u00edcio Ramuth (PSD) na chapa de Tarc\u00edsio de Freitas (Republicanos) est\u00e1 nesta ter\u00e7a-feira (25), em Caraguatatuba, cumprindo agenda de campanha nesta reta final para o segundo turno das elei\u00e7\u00f5es.<\/p>\n<p>De acordo com a assessoria de imprensa de Ramuth, ele sair\u00e1 em caminhada com o prefeito Aguilar J\u00fanior (MDB) pela regi\u00e3o central do munic\u00edpio, a partir das 10h30. A concentra\u00e7\u00e3o para o in\u00edcio da caminhada ser\u00e1 em frente a Igreja Santo Ant\u00f4nio, na Pra\u00e7a C\u00e2ndido Mota.<\/p>\n<p>Em seguida, Fel\u00edcio participa de um encontro com prefeitos, vereadores e outras lideran\u00e7as pol\u00edticas do Litoral Norte. A reuni\u00e3o vai acontecer no Hotel Jangada Flat, na avenida Dr. Arthur Costa Filho, a partir das 12h.<\/p>\n<p>Servi\u00e7o:<\/p>\n<p>Caminhada Centro<br \/>\nHor\u00e1rio:10h30<br \/>\nLocal: Em frente a Igreja Santo Ant\u00f4nio &#8211; Pra\u00e7a C\u00e2ndido Mota<\/p>\n<p>Reuni\u00e3o com prefeitos e vereadores<br \/>\nHor\u00e1rio: 12h<br \/>\nLocal: HOTEL JANGADA FLAT &#8211; Av. Dr. Arthur da Costa Filho, 751.<\/p>\n","protected":false},"excerpt":{"rendered":"<p>Marcello Ver\u00edssimo O candidato a vice-governador Fel\u00edcio Ramuth (PSD) na chapa de Tarc\u00edsio de Freitas (Republicanos) est\u00e1 nesta ter\u00e7a-feira (25), em Caraguatatuba, cumprindo agenda de campanha nesta reta final para o segundo turno das elei\u00e7\u00f5es. De acordo com a assessoria de imprensa de Ramuth, ele sair\u00e1 em caminhada com o prefeito Aguilar J\u00fanior (MDB) pela [&hellip;]<\/p>\n","protected":false},"author":26,"featured_media":8981,"comment_status":"open","ping_status":"open","sticky":false,"template":"","format":"standard","meta":{"footnotes":""},"categories":[8,7,39,16],"tags":[],"class_list":["post-8980","post","type-post","status-publish","format-standard","has-post-thumbnail","hentry","category-caraguatatuba","category-destaque","category-eleicoes-2022","category-politica"],"aioseo_notices":[],"_links":{"self":[{"href":"https:\/\/lrm67.com\/index.php\/wp-json\/wp\/v2\/posts\/8980","targetHints":{"allow":["GET"]}}],"collection":[{"href":"https:\/\/lrm67.com\/index.php\/wp-json\/wp\/v2\/posts"}],"about":[{"href":"https:\/\/lrm67.com\/index.php\/wp-json\/wp\/v2\/types\/post"}],"author":[{"embeddable":true,"href":"https:\/\/lrm67.com\/index.php\/wp-json\/wp\/v2\/users\/26"}],"replies":[{"embeddable":true,"href":"https:\/\/lrm67.com\/index.php\/wp-json\/wp\/v2\/comments?post=8980"}],"version-history":[{"count":1,"href":"https:\/\/lrm67.com\/index.php\/wp-json\/wp\/v2\/posts\/8980\/revisions"}],"predecessor-version":[{"id":8982,"href":"https:\/\/lrm67.com\/index.php\/wp-json\/wp\/v2\/posts\/8980\/revisions\/8982"}],"wp:featuredmedia":[{"embeddable":true,"href":"https:\/\/lrm67.com\/index.php\/wp-json\/wp\/v2\/media\/8981"}],"wp:attachment":[{"href":"https:\/\/lrm67.com\/index.php\/wp-json\/wp\/v2\/media?parent=8980"}],"wp:term":[{"taxonomy":"category","embeddable":true,"href":"https:\/\/lrm67.com\/index.php\/wp-json\/wp\/v2\/categories?post=8980"},{"taxonomy":"post_tag","embeddable":true,"href":"https:\/\/lrm67.com\/index.php\/wp-json\/wp\/v2\/tags?post=8980"}],"curies":[{"name":"wp","href":"https:\/\/api.w.org\/{rel}","templated":true}]}}