{"id":8977,"date":"2022-10-24T14:43:14","date_gmt":"2022-10-24T17:43:14","guid":{"rendered":"https:\/\/lrm67.com\/?p=8977"},"modified":"2022-10-24T14:43:14","modified_gmt":"2022-10-24T17:43:14","slug":"caraguatatuba-tem-104-071-eleitores-aptos-a-votar-no-proximo-domingo","status":"publish","type":"post","link":"https:\/\/lrm67.com\/index.php\/2022\/10\/24\/caraguatatuba-tem-104-071-eleitores-aptos-a-votar-no-proximo-domingo\/","title":{"rendered":"Caraguatatuba tem 104.071 eleitores aptos a votar no pr\u00f3ximo domingo"},"content":{"rendered":"<p>Eleitores de Caraguatatuba voltam \u00e0s urnas para escolher o presidente do Brasil e governador de S\u00e3o Paulo no pr\u00f3ximo domingo (30\/10), das 8h \u00e0s 17h, em 43 locais e 357 se\u00e7\u00f5es de vota\u00e7\u00e3o. A data marca o 2\u00ba turno das Elei\u00e7\u00f5es 2022 para a Presid\u00eancia da Rep\u00fablica e o governo de 12 estados. O maior col\u00e9gio eleitoral do Litoral Norte conta com 104.071 eleitores aptos a votar.<\/p>\n<p>No 1\u00ba turno das elei\u00e7\u00f5es, disputado no dia 2 de outubro, brasileiros e brasileiras votaram no deputado federal, deputado estadual, senador, governador e presidente da Rep\u00fablica.<\/p>\n<p>Ao todo, 79.528 eleitores (76,42%) compareceram \u00e0s urnas em Caraguatatuba no 1\u00ba turno, que registrou 24.528 absten\u00e7\u00f5es (23,58%). Quem n\u00e3o votou no dia 2 de outubro pode e deve votar no dia 30 de outubro, caso esteja em situa\u00e7\u00e3o regular com a Justi\u00e7a Eleitoral.<\/p>\n<p>Em 2022, os prazos para a apresenta\u00e7\u00e3o da justificativa s\u00e3o: at\u00e9 1\u00ba de dezembro para a aus\u00eancia no 1\u00ba turno (2\/10); e at\u00e9 9 de janeiro de 2023 para a aus\u00eancia no 2\u00ba turno (30\/10).<\/p>\n<p>O posto de vota\u00e7\u00e3o do CEI\/EMEI Prof\u00aa Vera da Silva Santos, no Portal da Fazendinha, continua na EMEI\/EMEF Prof\u00aa Maria Thereza de Souza Castro, no Jetuba. Dessa forma, 473 eleitores cadastrados nas se\u00e7\u00f5es 328 e 350 da unidade escolar da Fazendinha votam na escola do Jetuba neste domingo (30).<\/p>\n<p>\u00c9 necess\u00e1rio comparecer ao seu local de vota\u00e7\u00e3o, das 8h \u00e0s 17h, levando um documento de identifica\u00e7\u00e3o com foto. Esse documento pode ser a carteira de identidade, a carteira de trabalho, a habilita\u00e7\u00e3o, o passaporte, entre outros. O e-T\u00edtulo, aplicativo que cont\u00e9m a vers\u00e3o digital do t\u00edtulo de eleitor, tamb\u00e9m \u00e9 aceito desde que contenha foto, o que ocorre nos casos em que a pessoa fez a coleta dos dados biom\u00e9tricos na Justi\u00e7a Eleitoral.<\/p>\n<p>O eleitorado deve consultar com anteced\u00eancia a se\u00e7\u00e3o e o local de vota\u00e7\u00e3o, para evitar contratempos no dia da elei\u00e7\u00e3o. O local e a se\u00e7\u00e3o eleitoral podem ter sido alterados em raz\u00e3o de eventuais adequa\u00e7\u00f5es promovidas pelos cart\u00f3rios eleitorais.<\/p>\n<p>A consulta est\u00e1 dispon\u00edvel nos seguintes canais: Site do TRE-SP: na aba \u201cLocal de Vota\u00e7\u00e3o \u2013 Consulta\u201d, \u00e9 poss\u00edvel verificar a informa\u00e7\u00e3o digitando nome, n\u00famero do t\u00edtulo eleitoral ou CPF; Aplicativo e-T\u00edtulo (dispon\u00edvel gratuitamente para download para Android e IOS); Tira-D\u00favidas Eleitoral no WhatsApp (61 9637-1078) ou no Telefone 148 (Central de Atendimento ao Eleitor do TRE-SP (custo de liga\u00e7\u00e3o local para todo o Estado).<\/p>\n<p>N\u00e3o haver\u00e1 Lei Seca no Estado de S\u00e3o Paulo. A norma era uma resolu\u00e7\u00e3o expedida pela Secretaria de Seguran\u00e7a P\u00fablica que limitava a venda a varejo de bebidas alco\u00f3licas durante um determinado per\u00edodo. Desde 2008 n\u00e3o h\u00e1 publica\u00e7\u00e3o de resolu\u00e7\u00e3o estadual.<\/p>\n<p>O Cart\u00f3rio Eleitoral fica na Avenida Brasil, 775 \u2013 Sumar\u00e9 (pr\u00f3ximo ao F\u00f3rum de Caraguatatuba). O atendimento ao p\u00fablico \u00e9 das 12h \u00e0s 18h. Mais informa\u00e7\u00f5es pelo telefone (12) 3882-1398 ou pelo e-mail ze206@tre-sp.jus.br.<\/p>\n<p><strong>Justificativa<\/strong><\/p>\n<p>O eleitor que n\u00e3o compareceu no 1\u00ba turno \u00e9 obrigado a justificar a aus\u00eancia no prazo de 60 dias. A mesma regra vale para o cidad\u00e3o que n\u00e3o votar no segundo turno. Quem n\u00e3o comparecer \u00e0s urnas nos dois turnos, dever\u00e1 apresentar duas justificativas \u00e0 Justi\u00e7a Eleitoral, mas o eleitor que ainda n\u00e3o tiver justificado sua aus\u00eancia no primeiro turno n\u00e3o est\u00e1 impedido de votar no segundo turno.<\/p>\n<p>Os eleitores que estiverem fora de seu domic\u00edlio eleitoral no dia do pleito (dias 2 ou 30 de outubro) podem utilizar o e-T\u00edtulo para justificar sua aus\u00eancia \u00e0s urnas, sem a necessidade de se deslocar para apresentar o requerimento. Essa funcionalidade estar\u00e1 dispon\u00edvel nos dois turnos, durante o hor\u00e1rio da vota\u00e7\u00e3o, das 8h \u00e0s 17h.<\/p>\n<p>O Requerimento de Justificativa Eleitoral (RJE) tamb\u00e9m pode ser apresentado, acompanhado de um documento com foto, em qualquer local de vota\u00e7\u00e3o do estado no dia e hor\u00e1rio do pleito. O formul\u00e1rio deve ser preenchido com o n\u00famero do t\u00edtulo de eleitor. Caso contr\u00e1rio, n\u00e3o ser\u00e1 processado.<\/p>\n<p>Os canais para realizar o procedimento online s\u00e3o o e-T\u00edtulo e o Sistema Justifica. Nesse caso, al\u00e9m de preencher o requerimento, \u00e9 necess\u00e1rio anexar documentos que comprovem o motivo alegado, pois a justificativa n\u00e3o \u00e9 autom\u00e1tica e poder\u00e1 ser ou n\u00e3o concedida pelo juiz eleitoral.<\/p>\n<p>As pessoas que estiverem no exterior tamb\u00e9m podem fazer a justificativa pelo e-T\u00edtulo, durante o dia e hor\u00e1rio da vota\u00e7\u00e3o. Caso n\u00e3o seja poss\u00edvel, elas t\u00eam at\u00e9 60 dias ap\u00f3s cada turno ou at\u00e9 30 dias contados da data do retorno ao Brasil, para apresentar justificativa pelo e-T\u00edtulo ou pelo Sistema Justifica, devendo comprovar a estadia no exterior. Para isso, basta apresentar comprovante de sa\u00edda e retorno ao pa\u00eds.<\/p>\n<p><strong>Estat\u00edsticas do Eleitorado de Caraguatatuba<\/strong><\/p>\n<figure class=\"wp-block-table\">\n<div class=\"table-responsive\">\n<table class=\"table table-striped table-bordered table-hover table-sm\">\n<tbody>\n<tr>\n<td><strong>Faixa Et\u00e1ria<\/strong><\/td>\n<td><strong>Feminino<\/strong><\/td>\n<td><strong>Masculino<\/strong><\/td>\n<td><strong>N\u00e3o Informado<\/strong><\/td>\n<td><strong>TOTAL<\/strong><\/td>\n<\/tr>\n<tr>\n<td><strong>Com 16 anos at\u00e9 2\/10 (1\u00ba turno)<\/strong><\/td>\n<td>12<\/td>\n<td>5<\/td>\n<td>0<\/td>\n<td>17<\/td>\n<\/tr>\n<tr>\n<td><strong>Com 16 anos<\/strong><\/td>\n<td>275<\/td>\n<td>208<\/td>\n<td>0<\/td>\n<td>483<\/td>\n<\/tr>\n<tr>\n<td><strong>Com 17 anos<\/strong><\/td>\n<td>463<\/td>\n<td>381<\/td>\n<td>0<\/td>\n<td>844<\/td>\n<\/tr>\n<tr>\n<td><strong>De 18 a 24 anos<\/strong><\/td>\n<td>6.288<\/td>\n<td>6.079<\/td>\n<td>0<\/td>\n<td>12.367<\/td>\n<\/tr>\n<tr>\n<td><strong>De 25 a 34 anos<\/strong><\/td>\n<td>10.203<\/td>\n<td>9.694<\/td>\n<td>0<\/td>\n<td>19.897<\/td>\n<\/tr>\n<tr>\n<td><strong>De 35 a 44 anos<\/strong><\/td>\n<td>11.318<\/td>\n<td>10.366<\/td>\n<td>0<\/td>\n<td>21.684<\/td>\n<\/tr>\n<tr>\n<td><strong>De 45 a 59 anos<\/strong><\/td>\n<td>13.789<\/td>\n<td>12.650<\/td>\n<td>0<\/td>\n<td>26.439<\/td>\n<\/tr>\n<tr>\n<td><strong>De 60 a 69 anos<\/strong><\/td>\n<td>6.852<\/td>\n<td>5.854<\/td>\n<td>1<\/td>\n<td>12.707<\/td>\n<\/tr>\n<tr>\n<td><strong>Maiores de 69 anos<\/strong><\/td>\n<td>5.261<\/td>\n<td>4.358<\/td>\n<td>14<\/td>\n<td>9.633<\/td>\n<\/tr>\n<tr>\n<td><strong>TOTAL<\/strong><\/td>\n<td>54.461<\/td>\n<td>49.595<\/td>\n<td>15<\/td>\n<td>104.071<\/td>\n<\/tr>\n<\/tbody>\n<\/table>\n<\/div>\n<\/figure>\n","protected":false},"excerpt":{"rendered":"<p>Eleitores de Caraguatatuba voltam \u00e0s urnas para escolher o presidente do Brasil e governador de S\u00e3o Paulo no pr\u00f3ximo domingo (30\/10), das 8h \u00e0s 17h, em 43 locais e 357 se\u00e7\u00f5es de vota\u00e7\u00e3o. A data marca o 2\u00ba turno das Elei\u00e7\u00f5es 2022 para a Presid\u00eancia da Rep\u00fablica e o governo de 12 estados. O maior [&hellip;]<\/p>\n","protected":false},"author":26,"featured_media":8978,"comment_status":"open","ping_status":"open","sticky":false,"template":"","format":"standard","meta":{"footnotes":""},"categories":[8,39,16],"tags":[],"class_list":["post-8977","post","type-post","status-publish","format-standard","has-post-thumbnail","hentry","category-caraguatatuba","category-eleicoes-2022","category-politica"],"aioseo_notices":[],"_links":{"self":[{"href":"https:\/\/lrm67.com\/index.php\/wp-json\/wp\/v2\/posts\/8977","targetHints":{"allow":["GET"]}}],"collection":[{"href":"https:\/\/lrm67.com\/index.php\/wp-json\/wp\/v2\/posts"}],"about":[{"href":"https:\/\/lrm67.com\/index.php\/wp-json\/wp\/v2\/types\/post"}],"author":[{"embeddable":true,"href":"https:\/\/lrm67.com\/index.php\/wp-json\/wp\/v2\/users\/26"}],"replies":[{"embeddable":true,"href":"https:\/\/lrm67.com\/index.php\/wp-json\/wp\/v2\/comments?post=8977"}],"version-history":[{"count":1,"href":"https:\/\/lrm67.com\/index.php\/wp-json\/wp\/v2\/posts\/8977\/revisions"}],"predecessor-version":[{"id":8979,"href":"https:\/\/lrm67.com\/index.php\/wp-json\/wp\/v2\/posts\/8977\/revisions\/8979"}],"wp:featuredmedia":[{"embeddable":true,"href":"https:\/\/lrm67.com\/index.php\/wp-json\/wp\/v2\/media\/8978"}],"wp:attachment":[{"href":"https:\/\/lrm67.com\/index.php\/wp-json\/wp\/v2\/media?parent=8977"}],"wp:term":[{"taxonomy":"category","embeddable":true,"href":"https:\/\/lrm67.com\/index.php\/wp-json\/wp\/v2\/categories?post=8977"},{"taxonomy":"post_tag","embeddable":true,"href":"https:\/\/lrm67.com\/index.php\/wp-json\/wp\/v2\/tags?post=8977"}],"curies":[{"name":"wp","href":"https:\/\/api.w.org\/{rel}","templated":true}]}}