{"id":8963,"date":"2022-10-24T11:12:54","date_gmt":"2022-10-24T14:12:54","guid":{"rendered":"https:\/\/lrm67.com\/?p=8963"},"modified":"2022-10-24T11:13:12","modified_gmt":"2022-10-24T14:13:12","slug":"forca-tarefa-em-caragutuba-realizou-mais-de-15-mil-acolhimentos-a-populacao-em-situacao-de-rua-em-2022","status":"publish","type":"post","link":"https:\/\/lrm67.com\/index.php\/2022\/10\/24\/forca-tarefa-em-caragutuba-realizou-mais-de-15-mil-acolhimentos-a-populacao-em-situacao-de-rua-em-2022\/","title":{"rendered":"For\u00e7a Tarefa em Caraguatatuba realizou mais de 1,5 mil acolhimentos a popula\u00e7\u00e3o em situa\u00e7\u00e3o de rua em 2022"},"content":{"rendered":"<p><strong>Marcello Ver\u00edssimo<\/strong><\/p>\n<p>Com a proximidade das festas do fim de ano e das f\u00e9rias de ver\u00e3o, as prefeituras da regi\u00e3o se atentam para antigos problemas que voltam aos holofotes junto com o aumento da popula\u00e7\u00e3o flutuante deste per\u00edodo. Um deles, a situa\u00e7\u00e3o dos moradores que vivem em situa\u00e7\u00e3o de vulnerabilidade social, vivendo pelas ruas, tem preocupado setores da seguran\u00e7a p\u00fablica e da sociedade civil. Nos \u00faltimos meses, a reportagem do JDL acompanhou a situa\u00e7\u00e3o que gerou manifesta\u00e7\u00f5es em Caraguatatuba, Ubatuba e S\u00e3o Sebasti\u00e3o.<\/p>\n<p>Em Caragu\u00e1, a prefeitura divulgou na \u00faltima semana o balan\u00e7o de atendimentos durante o per\u00edodo de janeiro de 2019 e julho deste ano. De acordo com os n\u00fameros, foram 22,7 mil abordagens. A Secretaria de Desenvolvimento Social e Cidadania informou que segue realizando abordagens nos locais em que essa popula\u00e7\u00e3o costuma se instalar pelas cidades, como pra\u00e7as p\u00fablicas e marquises de lojas.<\/p>\n<p>Pelo balan\u00e7o, 6.945 pessoas foram acolhidas pelas chamadas Casas de Passagem que possuem conv\u00eanios com a administra\u00e7\u00e3o municipal. As casas de passagem s\u00e3o unidades para o acolhimento de pessoas que est\u00e3o afastadas do n\u00facleo familiar, e at\u00e9 mesmo de fam\u00edlias inteiras vivendo em situa\u00e7\u00e3o de abandono, amea\u00e7a ou viola\u00e7\u00e3o de direitos.<\/p>\n<p>Em Caraguatatuba, segundo a prefeitura, somente durante este ano foram mais de 1.500 atendimentos e encaminhamentos de moradores de rua. Nas casas, eles recebem alimenta\u00e7\u00e3o completa e banho, al\u00e9m de acompanhamento feito por equipe t\u00e9cnica.<\/p>\n<p>Durante a perman\u00eancia nos abrigos, s\u00e3o realizadas diversas outras tentativas de encaminhamento destas pessoas visando sua reinser\u00e7\u00e3o aos v\u00ednculos sociais e familiares. De acordo com a prefeitura, tamb\u00e9m s\u00e3o realizados acompanhamento t\u00e9cnico<\/p>\n<p>pelo Centro de Refer\u00eancia Especializado de Assist\u00eancia Social (CREAS), no servi\u00e7o do Programa de Atendimento Especializado a Fam\u00edlia e Indiv\u00edduos (PAEFI).<\/p>\n<p>Com rela\u00e7\u00e3o aos casos que envolvem depend\u00eancia qu\u00edmica s\u00e3o realizadas articula\u00e7\u00f5es junto \u00e0 Secretaria de Sa\u00fade, atrav\u00e9s do CAPS AD e das comunidades terap\u00eauticas existentes no munic\u00edpio visando contribuir para a recupera\u00e7\u00e3o destas pessoas que, em sua maioria, s\u00e3o de estados como Rio de Janeiro e Minas Gerais, al\u00e9m de outros munic\u00edpios, principalmente do pr\u00f3prio Litoral Norte.<\/p>\n<p>A Prefeitura de Caraguatatuba informou que o servi\u00e7o de abordagem especializada \u00e9 feito de forma cont\u00ednua. As equipes s\u00e3o formadas por educadores sociais que percorrem a cidade, de segunda a sexta-feira, das 8h \u00e0s 23h, e aos s\u00e1bados, domingos e feriados em hor\u00e1rios alternados.<\/p>\n<p>A prefeitura informou que, em caso de brigas, atos de vandalismo ou qualquer outro tipo de viol\u00eancia a orienta\u00e7\u00e3o \u00e9 acionar a Pol\u00edcia Militar pelo 190.<\/p>\n<p>Servi\u00e7o:<\/p>\n<p>Centro de Acolhimento Popular Tempor\u00e1rio Masculino<br \/>\nRua: Banco Ita\u00fa, 201, Porto Novo<br \/>\nTelefone: (12) 3887-6287<br \/>\nCentro de Acolhimento Tempor\u00e1rio Feminino e Fam\u00edlias<br \/>\nRua: Antonio Francisco Peliciari 955, Cantagalo<br \/>\nCREAS (Centro de Refer\u00eancia Especializada de Assist\u00eancia Social)<br \/>\nRua Senador Feij\u00f3, 165, Jardim Aruan<br \/>\nTelefone: (12) 3886-2960<\/p>\n","protected":false},"excerpt":{"rendered":"<p>Marcello Ver\u00edssimo Com a proximidade das festas do fim de ano e das f\u00e9rias de ver\u00e3o, as prefeituras da regi\u00e3o se atentam para antigos problemas que voltam aos holofotes junto com o aumento da popula\u00e7\u00e3o flutuante deste per\u00edodo. Um deles, a situa\u00e7\u00e3o dos moradores que vivem em situa\u00e7\u00e3o de vulnerabilidade social, vivendo pelas ruas, tem [&hellip;]<\/p>\n","protected":false},"author":26,"featured_media":8965,"comment_status":"open","ping_status":"open","sticky":false,"template":"","format":"standard","meta":{"footnotes":""},"categories":[8,7,2],"tags":[],"class_list":["post-8963","post","type-post","status-publish","format-standard","has-post-thumbnail","hentry","category-caraguatatuba","category-destaque","category-geral"],"aioseo_notices":[],"_links":{"self":[{"href":"https:\/\/lrm67.com\/index.php\/wp-json\/wp\/v2\/posts\/8963","targetHints":{"allow":["GET"]}}],"collection":[{"href":"https:\/\/lrm67.com\/index.php\/wp-json\/wp\/v2\/posts"}],"about":[{"href":"https:\/\/lrm67.com\/index.php\/wp-json\/wp\/v2\/types\/post"}],"author":[{"embeddable":true,"href":"https:\/\/lrm67.com\/index.php\/wp-json\/wp\/v2\/users\/26"}],"replies":[{"embeddable":true,"href":"https:\/\/lrm67.com\/index.php\/wp-json\/wp\/v2\/comments?post=8963"}],"version-history":[{"count":1,"href":"https:\/\/lrm67.com\/index.php\/wp-json\/wp\/v2\/posts\/8963\/revisions"}],"predecessor-version":[{"id":8966,"href":"https:\/\/lrm67.com\/index.php\/wp-json\/wp\/v2\/posts\/8963\/revisions\/8966"}],"wp:featuredmedia":[{"embeddable":true,"href":"https:\/\/lrm67.com\/index.php\/wp-json\/wp\/v2\/media\/8965"}],"wp:attachment":[{"href":"https:\/\/lrm67.com\/index.php\/wp-json\/wp\/v2\/media?parent=8963"}],"wp:term":[{"taxonomy":"category","embeddable":true,"href":"https:\/\/lrm67.com\/index.php\/wp-json\/wp\/v2\/categories?post=8963"},{"taxonomy":"post_tag","embeddable":true,"href":"https:\/\/lrm67.com\/index.php\/wp-json\/wp\/v2\/tags?post=8963"}],"curies":[{"name":"wp","href":"https:\/\/api.w.org\/{rel}","templated":true}]}}