{"id":8948,"date":"2022-10-22T11:51:45","date_gmt":"2022-10-22T14:51:45","guid":{"rendered":"https:\/\/lrm67.com\/?p=8948"},"modified":"2022-10-22T11:51:45","modified_gmt":"2022-10-22T14:51:45","slug":"aras-pede-ao-stf-que-suspenda-resolucao-que-da-poder-a-moraes-para-remover-postagens","status":"publish","type":"post","link":"https:\/\/lrm67.com\/index.php\/2022\/10\/22\/aras-pede-ao-stf-que-suspenda-resolucao-que-da-poder-a-moraes-para-remover-postagens\/","title":{"rendered":"Aras pede ao STF que suspenda resolu\u00e7\u00e3o que d\u00e1 poder a Moraes para remover postagens"},"content":{"rendered":"<p><strong><em>Chefe do Minist\u00e9rio P\u00fablico afirma que as altera\u00e7\u00f5es n\u00e3o podem ocorrer durante a campanha e violam liberdades<\/em><\/strong><\/p>\n<p>O procurador-geral da Rep\u00fablica, Augusto Aras, pediu ao STF (Supremo Tribunal Federal) que suspenda uma resolu\u00e7\u00e3o aprovada pelo plen\u00e1rio do TSE (Tribunal Superior Eleitoral) que amplia o poder de pol\u00edcia da Corte. A norma permite ao ministro Alexandre de Moraes, presidente do TSE, que determine a retirada de conte\u00fados da internet que atentem contra a integridade do sistema eleitoral.<\/p>\n<p>A resolu\u00e7\u00e3o aprovada pela Corte determina que os conte\u00fados falsos sobre as elei\u00e7\u00f5es sejam retirados do ar em at\u00e9 duas horas ap\u00f3s a determina\u00e7\u00e3o do tribunal. De acordo com as regras aprovadas, o presidente do TSE pode ampliar para outros perfis, links e p\u00e1ginas decis\u00f5es que obriguem a retirada dos conte\u00fados das redes sociais.<\/p>\n<p>Nas regras validadas pelos ministros, pode ser aplicada uma multa de at\u00e9 R$ 150 mil por descumprimento. Para Augusto Aras, o TSE tem poder de normatizar as elei\u00e7\u00f5es, mas as altera\u00e7\u00f5es nas regras s\u00f3 podem ocorrer at\u00e9 o m\u00eas de mar\u00e7o do ano da realiza\u00e7\u00e3o do pleito.<\/p>\n<p>&#8220;O poder normativo, portanto, n\u00e3o d\u00e1 ao Tribunal Superior Eleitoral, ainda que imbu\u00eddo da melhor das inten\u00e7\u00f5es e com o objetivo de aperfei\u00e7oar os mecanismos de controle dos indesejados abusos no direito de express\u00e3o e da dissemina\u00e7\u00e3o de desinforma\u00e7\u00e3o, a prerrogativa de inovar no ordenamento jur\u00eddico, no \u00e1pice das campanhas eleitorais em segundo turno&#8221;, escreveu Aras.<\/p>\n<p>Na representa\u00e7\u00e3o protocolada no STF, o procurador-geral da Rep\u00fablica afirma ainda que as normas eleitorais n\u00e3o podem violar a liberdade. &#8220;Sob o aspecto do uso da internet para a manifesta\u00e7\u00e3o do pensamento, h\u00e1 de preservar ao m\u00e1ximo os espa\u00e7os de liberdade, limitando-se somente, mediante lei em sentido formal, aquilo que o legislador entender adequado, necess\u00e1rio e proporcional para conter eventuais il\u00edcitos, crimes ou abusos no exerc\u00edcio de direitos&#8221;, completa o documento.<\/p>\n<p>&nbsp;<\/p>\n<pre>Fonte: R7<\/pre>\n","protected":false},"excerpt":{"rendered":"<p>Chefe do Minist\u00e9rio P\u00fablico afirma que as altera\u00e7\u00f5es n\u00e3o podem ocorrer durante a campanha e violam liberdades O procurador-geral da Rep\u00fablica, Augusto Aras, pediu ao STF (Supremo Tribunal Federal) que suspenda uma resolu\u00e7\u00e3o aprovada pelo plen\u00e1rio do TSE (Tribunal Superior Eleitoral) que amplia o poder de pol\u00edcia da Corte. A norma permite ao ministro Alexandre [&hellip;]<\/p>\n","protected":false},"author":26,"featured_media":8949,"comment_status":"open","ping_status":"open","sticky":false,"template":"","format":"standard","meta":{"footnotes":""},"categories":[39,16],"tags":[],"class_list":["post-8948","post","type-post","status-publish","format-standard","has-post-thumbnail","hentry","category-eleicoes-2022","category-politica"],"aioseo_notices":[],"_links":{"self":[{"href":"https:\/\/lrm67.com\/index.php\/wp-json\/wp\/v2\/posts\/8948","targetHints":{"allow":["GET"]}}],"collection":[{"href":"https:\/\/lrm67.com\/index.php\/wp-json\/wp\/v2\/posts"}],"about":[{"href":"https:\/\/lrm67.com\/index.php\/wp-json\/wp\/v2\/types\/post"}],"author":[{"embeddable":true,"href":"https:\/\/lrm67.com\/index.php\/wp-json\/wp\/v2\/users\/26"}],"replies":[{"embeddable":true,"href":"https:\/\/lrm67.com\/index.php\/wp-json\/wp\/v2\/comments?post=8948"}],"version-history":[{"count":1,"href":"https:\/\/lrm67.com\/index.php\/wp-json\/wp\/v2\/posts\/8948\/revisions"}],"predecessor-version":[{"id":8950,"href":"https:\/\/lrm67.com\/index.php\/wp-json\/wp\/v2\/posts\/8948\/revisions\/8950"}],"wp:featuredmedia":[{"embeddable":true,"href":"https:\/\/lrm67.com\/index.php\/wp-json\/wp\/v2\/media\/8949"}],"wp:attachment":[{"href":"https:\/\/lrm67.com\/index.php\/wp-json\/wp\/v2\/media?parent=8948"}],"wp:term":[{"taxonomy":"category","embeddable":true,"href":"https:\/\/lrm67.com\/index.php\/wp-json\/wp\/v2\/categories?post=8948"},{"taxonomy":"post_tag","embeddable":true,"href":"https:\/\/lrm67.com\/index.php\/wp-json\/wp\/v2\/tags?post=8948"}],"curies":[{"name":"wp","href":"https:\/\/api.w.org\/{rel}","templated":true}]}}