{"id":8945,"date":"2022-10-22T11:40:21","date_gmt":"2022-10-22T14:40:21","guid":{"rendered":"https:\/\/lrm67.com\/?p=8945"},"modified":"2022-10-22T11:40:21","modified_gmt":"2022-10-22T14:40:21","slug":"bolsonaro-critica-proposta-do-pt-de-regular-imprensa-e-diz-que-lula-pretende-calar-a-midia-brasileira","status":"publish","type":"post","link":"https:\/\/lrm67.com\/index.php\/2022\/10\/22\/bolsonaro-critica-proposta-do-pt-de-regular-imprensa-e-diz-que-lula-pretende-calar-a-midia-brasileira\/","title":{"rendered":"Bolsonaro critica proposta do PT de regular imprensa e diz que Lula &#8216;pretende calar a m\u00eddia brasileira&#8217;"},"content":{"rendered":"<p><strong><em>O candidato do PT n\u00e3o compareceu ao debate promovido pela CNN e SBT e Bolsonaro foi sabatinado pelos jornalistas<\/em><\/strong><\/p>\n<p>&nbsp;<\/p>\n<p>O presidente Jair Bolsonaro criticou a proposta do Partido dos Trabalhadores (PT) de regula\u00e7\u00e3o da imprensa e afirmou que Luiz In\u00e1cio Lula da Silva, candidato com quem disputa a Presid\u00eancia da Rep\u00fablica no segundo turno, &#8220;pretende calar a m\u00eddia brasileira&#8221;. O presidente fez a declara\u00e7\u00e3o em entrevista na noite desta sexta-feira (21).<\/p>\n<p>&#8220;O PT n\u00e3o tem qualquer zelo, qualquer compromisso com liberdade, haja vista que ele sempre fala no tocante a controle da m\u00eddia. V\u00e1rias vezes diz que vai controlar voc\u00eas, da m\u00eddia, e controlar as m\u00eddias sociais. Costumo dizer, em que pese as cr\u00edticas que eu recebo da imprensa brasileira, que nunca tomei uma medida de for\u00e7a contra qualquer rep\u00f3rter no Brasil&#8221;, afirmou o presidente.<\/p>\n<p>Na sequ\u00eancia, Bolsonaro disse que nunca tentou retirar sites do ar ou desmonetizar p\u00e1ginas na internet. &#8220;Sempre aceitei isso, muitas vezes, sofrendo fake news, inverdades e cal\u00fanias, mas n\u00e3o busquei atingir o que \u00e9 a alma da democracia, que \u00e9 a liberdade, que \u00e9 a alma de voc\u00eas, que \u00e9 a liberdade de imprensa&#8221;, afirmou.<\/p>\n<p>&#8220;Eu acho que a preocupa\u00e7\u00e3o maior, antes at\u00e9 do que o TSE [Tribunal Superior Eleitoral], tem que ser com o senhor Luiz In\u00e1cio Lula da Silva, que pretende calar a m\u00eddia brasileira. Ele tem, reiteradamente, falado sobre isso&#8221;, finalizou o presidente.<\/p>\n<p><strong>Regula\u00e7\u00e3o dos meios de comunica\u00e7\u00e3o<\/strong><\/p>\n<p>O ex-presidente Luiz In\u00e1cio Lula da Silva (PT), candidato ao Pal\u00e1cio do Planalto, tem amea\u00e7ado regular o exerc\u00edcio dos meios de comunica\u00e7\u00e3o caso volte a assumir a Presid\u00eancia da Rep\u00fablica.<\/p>\n<p>Ele sempre defendeu um marco regulat\u00f3rio da comunica\u00e7\u00e3o e at\u00e9 tentou emplacar um projeto de lei \u00e0 \u00e9poca do seu segundo mandato, mas a iniciativa n\u00e3o prosperou. Contudo, Lula retomou a ofensiva ao longo da campanha eleitoral deste ano e tem garantido que o assunto ser\u00e1 discutido se ele for eleito.<\/p>\n<p>Segundo Lula, &#8220;ou a gente faz um novo marco regulat\u00f3rio para a comunica\u00e7\u00e3o no Brasil ou a gente vai continuar sendo v\u00edtima da espolia\u00e7\u00e3o de meia d\u00fazia de fam\u00edlias que mandam na comunica\u00e7\u00e3o brasileira&#8221;.<\/p>\n<p>\u201cJornal e revista s\u00e3o problemas do dono, fa\u00e7a o que quiser, escreva o que quiser. Mas sobre aquela m\u00eddia que \u00e9 uma concess\u00e3o do Estado, \u00e9 preciso que a gente coloque a sociedade para discutir como pode democratizar melhor, fazer melhor. \u00c9 preciso que a gente tenha o direito a v\u00e1rias opini\u00f5es no mesmo meio de comunica\u00e7\u00e3o\u201d, acrescentou.<\/p>\n<p>&nbsp;<\/p>\n<pre>Fonte: R7<\/pre>\n","protected":false},"excerpt":{"rendered":"<p>O candidato do PT n\u00e3o compareceu ao debate promovido pela CNN e SBT e Bolsonaro foi sabatinado pelos jornalistas &nbsp; O presidente Jair Bolsonaro criticou a proposta do Partido dos Trabalhadores (PT) de regula\u00e7\u00e3o da imprensa e afirmou que Luiz In\u00e1cio Lula da Silva, candidato com quem disputa a Presid\u00eancia da Rep\u00fablica no segundo turno, [&hellip;]<\/p>\n","protected":false},"author":26,"featured_media":8946,"comment_status":"open","ping_status":"open","sticky":false,"template":"","format":"standard","meta":{"footnotes":""},"categories":[7,39,16],"tags":[],"class_list":["post-8945","post","type-post","status-publish","format-standard","has-post-thumbnail","hentry","category-destaque","category-eleicoes-2022","category-politica"],"aioseo_notices":[],"_links":{"self":[{"href":"https:\/\/lrm67.com\/index.php\/wp-json\/wp\/v2\/posts\/8945","targetHints":{"allow":["GET"]}}],"collection":[{"href":"https:\/\/lrm67.com\/index.php\/wp-json\/wp\/v2\/posts"}],"about":[{"href":"https:\/\/lrm67.com\/index.php\/wp-json\/wp\/v2\/types\/post"}],"author":[{"embeddable":true,"href":"https:\/\/lrm67.com\/index.php\/wp-json\/wp\/v2\/users\/26"}],"replies":[{"embeddable":true,"href":"https:\/\/lrm67.com\/index.php\/wp-json\/wp\/v2\/comments?post=8945"}],"version-history":[{"count":1,"href":"https:\/\/lrm67.com\/index.php\/wp-json\/wp\/v2\/posts\/8945\/revisions"}],"predecessor-version":[{"id":8947,"href":"https:\/\/lrm67.com\/index.php\/wp-json\/wp\/v2\/posts\/8945\/revisions\/8947"}],"wp:featuredmedia":[{"embeddable":true,"href":"https:\/\/lrm67.com\/index.php\/wp-json\/wp\/v2\/media\/8946"}],"wp:attachment":[{"href":"https:\/\/lrm67.com\/index.php\/wp-json\/wp\/v2\/media?parent=8945"}],"wp:term":[{"taxonomy":"category","embeddable":true,"href":"https:\/\/lrm67.com\/index.php\/wp-json\/wp\/v2\/categories?post=8945"},{"taxonomy":"post_tag","embeddable":true,"href":"https:\/\/lrm67.com\/index.php\/wp-json\/wp\/v2\/tags?post=8945"}],"curies":[{"name":"wp","href":"https:\/\/api.w.org\/{rel}","templated":true}]}}