{"id":8917,"date":"2022-10-21T15:05:59","date_gmt":"2022-10-21T18:05:59","guid":{"rendered":"https:\/\/lrm67.com\/?p=8917"},"modified":"2022-10-21T15:05:59","modified_gmt":"2022-10-21T18:05:59","slug":"apae-de-ilhabela-realiza-exposicao-de-obras-criadas-pelos-alunos","status":"publish","type":"post","link":"https:\/\/lrm67.com\/index.php\/2022\/10\/21\/apae-de-ilhabela-realiza-exposicao-de-obras-criadas-pelos-alunos\/","title":{"rendered":"APAE de Ilhabela realiza exposi\u00e7\u00e3o de obras criadas pelos alunos"},"content":{"rendered":"<p style=\"font-weight: 400;\">A APAE de Ilhabela realiza a 1\u00aa Mostra Cultural \u201cIlhabela Atrav\u00e9s dos meus Olhos. Uma exposi\u00e7\u00e3o de canecas e pinturas feitas pelos alunos da institui\u00e7\u00e3o, que est\u00e3o expostas na sede da Fundaci, localizada na Rua Doutor Carvalho, 80 \u2013 Vila.<\/p>\n<p style=\"font-weight: 400;\">O trabalho desenvolvido contou com uma observa\u00e7\u00e3o realizada pelos alunos em pontos tur\u00edsticos de Ilhabela e posteriormente retrataram suas impress\u00f5es em imagens como a Escola Municipal de Vela, p\u00e1ssaros, as canoas de Santa Tereza e a Igreja Matriz, entre outros, respeitando a singularidade de cada um acerca do mundo.<\/p>\n<p style=\"font-weight: 400;\">A professora de Artes respons\u00e1vel pelo projeto, Patr\u00edcia Fernandes, contou como foi trabalhar a arte mais focada na autoestima e o desenvolvimento dos alunos em compreender as suas pr\u00f3prias vis\u00f5es de mundo e quebrando os crit\u00e9rios do que \u00e9 belo na arte. \u201cFoi um trabalho maravilhoso porque eles se entregaram aos desenhos e mostraram o quanto eles s\u00e3o capazes, e hoje o que me marcou foi v\u00ea-los encontrar as canecas e os azulejos e dizer que o nome deles estava ali\u201d, finaliza.<\/p>\n<p style=\"font-weight: 400;\">\n","protected":false},"excerpt":{"rendered":"<p>A APAE de Ilhabela realiza a 1\u00aa Mostra Cultural \u201cIlhabela Atrav\u00e9s dos meus Olhos. Uma exposi\u00e7\u00e3o de canecas e pinturas feitas pelos alunos da institui\u00e7\u00e3o, que est\u00e3o expostas na sede da Fundaci, localizada na Rua Doutor Carvalho, 80 \u2013 Vila. O trabalho desenvolvido contou com uma observa\u00e7\u00e3o realizada pelos alunos em pontos tur\u00edsticos de Ilhabela [&hellip;]<\/p>\n","protected":false},"author":26,"featured_media":8918,"comment_status":"open","ping_status":"open","sticky":false,"template":"","format":"standard","meta":{"footnotes":""},"categories":[2,3],"tags":[],"class_list":["post-8917","post","type-post","status-publish","format-standard","has-post-thumbnail","hentry","category-geral","category-ilhabela"],"aioseo_notices":[],"_links":{"self":[{"href":"https:\/\/lrm67.com\/index.php\/wp-json\/wp\/v2\/posts\/8917","targetHints":{"allow":["GET"]}}],"collection":[{"href":"https:\/\/lrm67.com\/index.php\/wp-json\/wp\/v2\/posts"}],"about":[{"href":"https:\/\/lrm67.com\/index.php\/wp-json\/wp\/v2\/types\/post"}],"author":[{"embeddable":true,"href":"https:\/\/lrm67.com\/index.php\/wp-json\/wp\/v2\/users\/26"}],"replies":[{"embeddable":true,"href":"https:\/\/lrm67.com\/index.php\/wp-json\/wp\/v2\/comments?post=8917"}],"version-history":[{"count":2,"href":"https:\/\/lrm67.com\/index.php\/wp-json\/wp\/v2\/posts\/8917\/revisions"}],"predecessor-version":[{"id":8923,"href":"https:\/\/lrm67.com\/index.php\/wp-json\/wp\/v2\/posts\/8917\/revisions\/8923"}],"wp:featuredmedia":[{"embeddable":true,"href":"https:\/\/lrm67.com\/index.php\/wp-json\/wp\/v2\/media\/8918"}],"wp:attachment":[{"href":"https:\/\/lrm67.com\/index.php\/wp-json\/wp\/v2\/media?parent=8917"}],"wp:term":[{"taxonomy":"category","embeddable":true,"href":"https:\/\/lrm67.com\/index.php\/wp-json\/wp\/v2\/categories?post=8917"},{"taxonomy":"post_tag","embeddable":true,"href":"https:\/\/lrm67.com\/index.php\/wp-json\/wp\/v2\/tags?post=8917"}],"curies":[{"name":"wp","href":"https:\/\/api.w.org\/{rel}","templated":true}]}}