{"id":8908,"date":"2022-10-21T15:03:17","date_gmt":"2022-10-21T18:03:17","guid":{"rendered":"https:\/\/lrm67.com\/?p=8908"},"modified":"2022-10-21T15:03:17","modified_gmt":"2022-10-21T18:03:17","slug":"premiacao-do-concurso-de-poesias-2022-de-ilhabela-encerra-programacao-da-feira-literaria","status":"publish","type":"post","link":"https:\/\/lrm67.com\/index.php\/2022\/10\/21\/premiacao-do-concurso-de-poesias-2022-de-ilhabela-encerra-programacao-da-feira-literaria\/","title":{"rendered":"Premia\u00e7\u00e3o do Concurso de Poesias 2022 de Ilhabela encerra programa\u00e7\u00e3o da Feira Liter\u00e1ria"},"content":{"rendered":"<p>Para o XVII Concurso de Poesia, a Prefeitura de Ilhabela recebeu 293 inscri\u00e7\u00f5es entre as categorias Infantil, Juvenil e Adulto, com poemas in\u00e9ditos relacionadas ao tema \u201cTempo\u201d. Ser\u00e3o premiados os tr\u00eas primeiros colocados de cada categoria.<u><\/u><u><\/u><\/p>\n<p>\u201cEsse \u00e9 mais um evento que temos orgulho em retomar, j\u00e1 que nos dois \u00faltimos anos ele foi suspenso devido \u00e0 pandemia de Covid-19\u201d, finalizou o prefeito Toninho Colucci.<u><\/u><u><\/u><\/p>\n<p>O projeto Concurso de Poesia foi criado em 2004 com o objetivo de incentivar o h\u00e1bito da Leitura e da escrita, al\u00e9m de promover e divulgar a produ\u00e7\u00e3o po\u00e9tica no \u00e2mbito local. Todas as poesias inscritas conforme o regulamento constituir\u00e1 posteriormente uma Antologia Po\u00e9tica do XVII Concurso de Poesia, publicada no formato de livro da Secretaria Municipal de Cultura.<u><\/u><u><\/u><\/p>\n<p>Confira a programa\u00e7\u00e3o completa da Feira Liter\u00e1ria no link:\u00a0<a href=\"https:\/\/www.ilhabela.sp.gov.br\/wp-content\/uploads\/2022\/10\/SITE-FEIRA-LITERARIA-6.png\" target=\"_blank\" rel=\"noopener\" data-saferedirecturl=\"https:\/\/www.google.com\/url?q=https:\/\/www.ilhabela.sp.gov.br\/wp-content\/uploads\/2022\/10\/SITE-FEIRA-LITERARIA-6.png&amp;source=gmail&amp;ust=1666461446367000&amp;usg=AOvVaw1NRoVR3ISnFzhk00C-f2kp\">https:\/\/www.ilhabela.sp.gov.<wbr \/>br\/wp-content\/uploads\/2022\/10\/<wbr \/>SITE-FEIRA-LITERARIA-6.png<\/a><\/p>\n","protected":false},"excerpt":{"rendered":"<p>Para o XVII Concurso de Poesia, a Prefeitura de Ilhabela recebeu 293 inscri\u00e7\u00f5es entre as categorias Infantil, Juvenil e Adulto, com poemas in\u00e9ditos relacionadas ao tema \u201cTempo\u201d. Ser\u00e3o premiados os tr\u00eas primeiros colocados de cada categoria. \u201cEsse \u00e9 mais um evento que temos orgulho em retomar, j\u00e1 que nos dois \u00faltimos anos ele foi suspenso [&hellip;]<\/p>\n","protected":false},"author":26,"featured_media":8909,"comment_status":"open","ping_status":"open","sticky":false,"template":"","format":"standard","meta":{"footnotes":""},"categories":[30,2,3],"tags":[],"class_list":["post-8908","post","type-post","status-publish","format-standard","has-post-thumbnail","hentry","category-cultura","category-geral","category-ilhabela"],"aioseo_notices":[],"_links":{"self":[{"href":"https:\/\/lrm67.com\/index.php\/wp-json\/wp\/v2\/posts\/8908","targetHints":{"allow":["GET"]}}],"collection":[{"href":"https:\/\/lrm67.com\/index.php\/wp-json\/wp\/v2\/posts"}],"about":[{"href":"https:\/\/lrm67.com\/index.php\/wp-json\/wp\/v2\/types\/post"}],"author":[{"embeddable":true,"href":"https:\/\/lrm67.com\/index.php\/wp-json\/wp\/v2\/users\/26"}],"replies":[{"embeddable":true,"href":"https:\/\/lrm67.com\/index.php\/wp-json\/wp\/v2\/comments?post=8908"}],"version-history":[{"count":1,"href":"https:\/\/lrm67.com\/index.php\/wp-json\/wp\/v2\/posts\/8908\/revisions"}],"predecessor-version":[{"id":8910,"href":"https:\/\/lrm67.com\/index.php\/wp-json\/wp\/v2\/posts\/8908\/revisions\/8910"}],"wp:featuredmedia":[{"embeddable":true,"href":"https:\/\/lrm67.com\/index.php\/wp-json\/wp\/v2\/media\/8909"}],"wp:attachment":[{"href":"https:\/\/lrm67.com\/index.php\/wp-json\/wp\/v2\/media?parent=8908"}],"wp:term":[{"taxonomy":"category","embeddable":true,"href":"https:\/\/lrm67.com\/index.php\/wp-json\/wp\/v2\/categories?post=8908"},{"taxonomy":"post_tag","embeddable":true,"href":"https:\/\/lrm67.com\/index.php\/wp-json\/wp\/v2\/tags?post=8908"}],"curies":[{"name":"wp","href":"https:\/\/api.w.org\/{rel}","templated":true}]}}