{"id":8894,"date":"2022-10-21T10:29:00","date_gmt":"2022-10-21T13:29:00","guid":{"rendered":"https:\/\/lrm67.com\/?p=8894"},"modified":"2022-10-21T10:29:00","modified_gmt":"2022-10-21T13:29:00","slug":"conteineres-subsuem-quiosques-para-impedir-avanco-de-erosao-em-praia-de-caraguatatuba","status":"publish","type":"post","link":"https:\/\/lrm67.com\/index.php\/2022\/10\/21\/conteineres-subsuem-quiosques-para-impedir-avanco-de-erosao-em-praia-de-caraguatatuba\/","title":{"rendered":"Cont\u00eaineres substituem quiosques para impedir avan\u00e7o de eros\u00e3o em praia de Caraguatatuba"},"content":{"rendered":"<p><strong>Marcello Ver\u00edssimo<\/strong><\/p>\n<p>O turista que chegar \u00e0 praia da Mococa, na regi\u00e3o norte de Caraguatatuba, ser\u00e1 surpreendido por uma novidade um tanto diferente nesta pr\u00f3xima temporada de ver\u00e3o.<\/p>\n<p>Uma equipe da Secretaria de Meio Ambiente, Agricultura e Pesca de Caraguatatuba esteve na praia nesta quinta-feira (20), para acompanhar a instala\u00e7\u00e3o dos cont\u00eaineres que comp\u00f5em os novos modelos dos quiosques de praia.<\/p>\n<p>De acordo com a secretaria, o trabalho \u00e9 parte do Projeto de Interven\u00e7\u00e3o Urban\u00edstica (PIU), que prev\u00ea a regulariza\u00e7\u00e3o da praia e tamb\u00e9m cumpre uma decis\u00e3o da Justi\u00e7a Federal. A prefeitura informou que o projeto inicial previa a instala\u00e7\u00e3o dos quiosques em alvenaria e recuados da orla, mas acabou optando pela instala\u00e7\u00e3o dos cont\u00eaineres.<\/p>\n<p>Nesta quinta-feira foram instalados tr\u00eas cont\u00eaineres. De acordo com a prefeitura, posteriormente, ser\u00e3o feitas adapta\u00e7\u00f5es nas estruturas internas para uso do espa\u00e7o. A prefeitura tamb\u00e9m informou que os cont\u00eaineres t\u00eam banheiros feminino, masculino e acess\u00edvel para pessoas portadoras de defici\u00eancia , al\u00e9m de cozinha e \u00e1rea de trabalho. No espa\u00e7o exterior, eles ainda ter\u00e3o decks.<\/p>\n<p>&nbsp;<\/p>\n<p><strong>Eros\u00e3o do Solo <\/strong><\/p>\n<p>A praia perdeu cerca de 120 metros de areia entre o jundu e o mar na \u00faltima d\u00e9cada. A eros\u00e3o do solo tem sido provocada pelas ressacas que j\u00e1 destru\u00edram quatro dos nove quiosques instalados na orla da praia e amea\u00e7a os outros seis que restaram.<\/p>\n<p>As m\u00e1s condi\u00e7\u00f5es fizeram com que os banhistas passassem a procurar outras praias como Cocanha e Massagua\u00e7u que possuem faixa de areia maior.<\/p>\n<p>A prefeitura informou que apresentou um projeto para reurbaniza\u00e7\u00e3o da Mococa, com aprova\u00e7\u00e3o da SPU (Secretaria de Patrim\u00f4nio da Uni\u00e3o). As obras deveriam ter sido iniciadas em maio do ano passado, mas foram adiadas em raz\u00e3o da pandemia.<\/p>\n<p>De acordo com o projeto, estavam previstos o recuo dos quiosques, novas vias e instala\u00e7\u00e3o de infraestrutura, como luz, \u00e1gua e saneamento.<\/p>\n<p>A prefeitura ficaria respons\u00e1vel pela parte de infraestrutura de \u00e1gua e esgoto, melhoria dos tr\u00eas acessos \u00e0 praia, implanta\u00e7\u00e3o de vagas e bols\u00f5es de estacionamentos, al\u00e9m de recupera\u00e7\u00e3o da vegeta\u00e7\u00e3o nativa.<\/p>\n<p>Pelo projeto, os nove quiosques seriam recuados de 4 a 5 metros, constru\u00eddos em alvenaria, com 216 metros quadrados, espa\u00e7o para banheiros, cozinha e sal\u00e3o de mesas e cadeiras.<\/p>\n<p>Durante o trabalho, a a\u00e7\u00e3o foi acompanhada por agentes de tr\u00e2nsito da Secretaria de Mobilidade Urbana, que orientaram os motoristas no fluxo de ve\u00edculos pela praia, principalmente pr\u00f3ximo dos pontos de instala\u00e7\u00e3o.<\/p>\n<p><strong>Expectativa <\/strong><\/p>\n<p>A prefeitura informou que a expectativa \u00e9 positiva em rela\u00e7\u00e3o \u00e0 alta temporada. Os donos dos quiosques esperam come\u00e7ar a trabalhar com a nova estrutura j\u00e1 a partir de dezembro.<\/p>\n","protected":false},"excerpt":{"rendered":"<p>Marcello Ver\u00edssimo O turista que chegar \u00e0 praia da Mococa, na regi\u00e3o norte de Caraguatatuba, ser\u00e1 surpreendido por uma novidade um tanto diferente nesta pr\u00f3xima temporada de ver\u00e3o. Uma equipe da Secretaria de Meio Ambiente, Agricultura e Pesca de Caraguatatuba esteve na praia nesta quinta-feira (20), para acompanhar a instala\u00e7\u00e3o dos cont\u00eaineres que comp\u00f5em os [&hellip;]<\/p>\n","protected":false},"author":26,"featured_media":8895,"comment_status":"open","ping_status":"open","sticky":false,"template":"","format":"standard","meta":{"footnotes":""},"categories":[8,7,2],"tags":[],"class_list":["post-8894","post","type-post","status-publish","format-standard","has-post-thumbnail","hentry","category-caraguatatuba","category-destaque","category-geral"],"aioseo_notices":[],"_links":{"self":[{"href":"https:\/\/lrm67.com\/index.php\/wp-json\/wp\/v2\/posts\/8894","targetHints":{"allow":["GET"]}}],"collection":[{"href":"https:\/\/lrm67.com\/index.php\/wp-json\/wp\/v2\/posts"}],"about":[{"href":"https:\/\/lrm67.com\/index.php\/wp-json\/wp\/v2\/types\/post"}],"author":[{"embeddable":true,"href":"https:\/\/lrm67.com\/index.php\/wp-json\/wp\/v2\/users\/26"}],"replies":[{"embeddable":true,"href":"https:\/\/lrm67.com\/index.php\/wp-json\/wp\/v2\/comments?post=8894"}],"version-history":[{"count":1,"href":"https:\/\/lrm67.com\/index.php\/wp-json\/wp\/v2\/posts\/8894\/revisions"}],"predecessor-version":[{"id":8896,"href":"https:\/\/lrm67.com\/index.php\/wp-json\/wp\/v2\/posts\/8894\/revisions\/8896"}],"wp:featuredmedia":[{"embeddable":true,"href":"https:\/\/lrm67.com\/index.php\/wp-json\/wp\/v2\/media\/8895"}],"wp:attachment":[{"href":"https:\/\/lrm67.com\/index.php\/wp-json\/wp\/v2\/media?parent=8894"}],"wp:term":[{"taxonomy":"category","embeddable":true,"href":"https:\/\/lrm67.com\/index.php\/wp-json\/wp\/v2\/categories?post=8894"},{"taxonomy":"post_tag","embeddable":true,"href":"https:\/\/lrm67.com\/index.php\/wp-json\/wp\/v2\/tags?post=8894"}],"curies":[{"name":"wp","href":"https:\/\/api.w.org\/{rel}","templated":true}]}}