{"id":8888,"date":"2022-10-21T09:31:14","date_gmt":"2022-10-21T12:31:14","guid":{"rendered":"https:\/\/lrm67.com\/?p=8888"},"modified":"2022-10-21T09:31:14","modified_gmt":"2022-10-21T12:31:14","slug":"beneficiarios-do-programa-crianca-feliz-visitam-o-viveiro-municipal","status":"publish","type":"post","link":"https:\/\/lrm67.com\/index.php\/2022\/10\/21\/beneficiarios-do-programa-crianca-feliz-visitam-o-viveiro-municipal\/","title":{"rendered":"Benefici\u00e1rios do Programa Crian\u00e7a Feliz visitam o Viveiro Municipal"},"content":{"rendered":"<p style=\"font-weight: 400;\">Entre os projetos da Secretaria de Desenvolvimento Econ\u00f4mico e Social (SEDES), Centro de Refer\u00eancia de Assist\u00eancia Social (CRAS) da Prefeitura de S\u00e3o Sebasti\u00e3o est\u00e1 o Programa Crian\u00e7a Feliz (PCF) que desenvolve atividades l\u00fadicas e viv\u00eancias com crian\u00e7as de 83 fam\u00edlias, e abrang\u00eancia, dos bairros de Toque-Toque-Grande a Boraceia, inscritas no Cadastro \u00danico, Governo Federal.<\/p>\n<p style=\"font-weight: 400;\">\n<p style=\"font-weight: 400;\">Segundo a SEDES, o objetivo do programa \u00e9 o fortalecimento de v\u00ednculos afetivos, familiar e comunit\u00e1rio, ao promover lazer e aprendizagens, tamb\u00e9m sobre meio ambiente e sustentabilidade, ao refor\u00e7ar as pol\u00edticas p\u00fablicas de assist\u00eancia social para gestantes e crian\u00e7as de zero a seis anos.<\/p>\n<p style=\"font-weight: 400;\">\n<p style=\"font-weight: 400;\">Nesta quarta-feira (19), cerca de 31 crian\u00e7as e seus familiares, moradores dos bairros Juquehy, Cambury, Boi\u00e7ucanga, Maresias, Toque-Toque-Grande e Vila Sahy, atendidos pelo programa, visitaram o Viveiro Municipal, acompanhadas pela equipe do PCF, visitadoras e supervisora, com log\u00edstica de transporte do Centro de Refer\u00eancia de Assist\u00eancia Social (CRAS).<\/p>\n<p style=\"font-weight: 400;\">\n<p style=\"font-weight: 400;\">O passeio promoveu viv\u00eancias ambientais, pois o local cultiva mudas de \u00e1rvores nativas, e conta com horta educativa, galinheiro, api\u00e1rio, lago com peixes, coelhos, tartarugas, queda d\u00b4\u00e1gua, comedouro e bebedouro de p\u00e1ssaros e flores.<\/p>\n<p style=\"font-weight: 400;\">\n<p style=\"font-weight: 400;\">Ap\u00f3s trilha monitorada para a queda d\u00b4\u00e1gua, brincadeiras no parquinho e conhecer os animais, a garotada, e seus familiares lancharam. O Viveiro Municipal est\u00e1 localizado na Rua Frei Galv\u00e3o, Reserve du Moulin, Regi\u00e3o Central de S\u00e3o Sebasti\u00e3o.\u00a0A entrada \u00e9 gratuita e o funcionamento \u00e9 de segunda a sexta-feira, das 7h \u00e0s 11h e das 13h \u00e0s 17h.<\/p>\n<p style=\"font-weight: 400;\"><strong>\u00a0<\/strong><\/p>\n<p style=\"font-weight: 400;\"><strong>Programa Crian\u00e7a Feliz<\/strong><\/p>\n<p style=\"font-weight: 400;\">\n<p style=\"font-weight: 400;\">O Programa Crian\u00e7a Feliz (PCF) \u00e9 uma a\u00e7\u00e3o do Governo Federal, institu\u00eddo por meio do decreto n\u00ba 8.869\/2016, de car\u00e1ter intersetorial, com a finalidade de promover o desenvolvimento integral das crian\u00e7as na primeira inf\u00e2ncia, considerando sua fam\u00edlia e seu contexto de vida. O Programa se desenvolve por meio de visitas domiciliares que buscam envolver a\u00e7\u00f5es de sa\u00fade, meio ambiente, educa\u00e7\u00e3o, assist\u00eancia social, cultura e direitos humanos.<\/p>\n<p style=\"font-weight: 400;\">\n<p style=\"font-weight: 400;\">O programa atende a gestantes, crian\u00e7as de zero at\u00e9 seis anos e suas fam\u00edlias benefici\u00e1rias do Programa Aux\u00edlio Brasil, antigo Bolsa Fam\u00edlia; e crian\u00e7as de at\u00e9 seis anos afastadas do conv\u00edvio familiar, em raz\u00e3o da aplica\u00e7\u00e3o de medida de prote\u00e7\u00e3o prevista no artigo 101 do Estatuto da Crian\u00e7a e do Adolescente (ECA), Lei Federal n\u00ba 8.069, de 13 de julho de 1990, e suas fam\u00edlias.<\/p>\n<p style=\"font-weight: 400;\">\n<p style=\"font-weight: 400;\">O objetivo do Programa Crian\u00e7a Feliz \u00e9 promover o desenvolvimento humano, a partir do apoio e do acompanhamento do desenvolvimento infantil integral na primeira inf\u00e2ncia; apoiar a gestante e a fam\u00edlia na prepara\u00e7\u00e3o para o nascimento e nos cuidados perinatais; colaborar no exerc\u00edcio da parentalidade, fortalecendo os v\u00ednculos e o papel das fam\u00edlias para o desempenho da fun\u00e7\u00e3o de cuidado, prote\u00e7\u00e3o e educa\u00e7\u00e3o de crian\u00e7as na faixa et\u00e1ria de at\u00e9 seis anos de idade; mediar o acesso da gestante, das crian\u00e7as na primeira inf\u00e2ncia e das suas fam\u00edlias a pol\u00edticas e servi\u00e7os p\u00fablicos de que necessitem; e integrar, ampliar e fortalecer a\u00e7\u00f5es de pol\u00edticas p\u00fablicas voltadas para as gestantes, crian\u00e7as na primeira inf\u00e2ncia e suas fam\u00edlias.<\/p>\n<p style=\"font-weight: 400;\">\n<p style=\"font-weight: 400;\">O munic\u00edpio de S\u00e3o Sebasti\u00e3o integra o programa. Mais informa\u00e7\u00f5es podem ser obtidas no N\u00facleo de Assist\u00eancia Social (NAS), Avenida Dr. Francisco Loup, 1.316, bairro Maresias. Telefone: (12) 3865-5324.<\/p>\n","protected":false},"excerpt":{"rendered":"<p>Entre os projetos da Secretaria de Desenvolvimento Econ\u00f4mico e Social (SEDES), Centro de Refer\u00eancia de Assist\u00eancia Social (CRAS) da Prefeitura de S\u00e3o Sebasti\u00e3o est\u00e1 o Programa Crian\u00e7a Feliz (PCF) que desenvolve atividades l\u00fadicas e viv\u00eancias com crian\u00e7as de 83 fam\u00edlias, e abrang\u00eancia, dos bairros de Toque-Toque-Grande a Boraceia, inscritas no Cadastro \u00danico, Governo Federal. Segundo [&hellip;]<\/p>\n","protected":false},"author":26,"featured_media":8889,"comment_status":"open","ping_status":"open","sticky":false,"template":"","format":"standard","meta":{"footnotes":""},"categories":[2,13],"tags":[],"class_list":["post-8888","post","type-post","status-publish","format-standard","has-post-thumbnail","hentry","category-geral","category-sao-sebastiao"],"aioseo_notices":[],"_links":{"self":[{"href":"https:\/\/lrm67.com\/index.php\/wp-json\/wp\/v2\/posts\/8888","targetHints":{"allow":["GET"]}}],"collection":[{"href":"https:\/\/lrm67.com\/index.php\/wp-json\/wp\/v2\/posts"}],"about":[{"href":"https:\/\/lrm67.com\/index.php\/wp-json\/wp\/v2\/types\/post"}],"author":[{"embeddable":true,"href":"https:\/\/lrm67.com\/index.php\/wp-json\/wp\/v2\/users\/26"}],"replies":[{"embeddable":true,"href":"https:\/\/lrm67.com\/index.php\/wp-json\/wp\/v2\/comments?post=8888"}],"version-history":[{"count":1,"href":"https:\/\/lrm67.com\/index.php\/wp-json\/wp\/v2\/posts\/8888\/revisions"}],"predecessor-version":[{"id":8890,"href":"https:\/\/lrm67.com\/index.php\/wp-json\/wp\/v2\/posts\/8888\/revisions\/8890"}],"wp:featuredmedia":[{"embeddable":true,"href":"https:\/\/lrm67.com\/index.php\/wp-json\/wp\/v2\/media\/8889"}],"wp:attachment":[{"href":"https:\/\/lrm67.com\/index.php\/wp-json\/wp\/v2\/media?parent=8888"}],"wp:term":[{"taxonomy":"category","embeddable":true,"href":"https:\/\/lrm67.com\/index.php\/wp-json\/wp\/v2\/categories?post=8888"},{"taxonomy":"post_tag","embeddable":true,"href":"https:\/\/lrm67.com\/index.php\/wp-json\/wp\/v2\/tags?post=8888"}],"curies":[{"name":"wp","href":"https:\/\/api.w.org\/{rel}","templated":true}]}}