{"id":8885,"date":"2022-10-21T09:30:42","date_gmt":"2022-10-21T12:30:42","guid":{"rendered":"https:\/\/lrm67.com\/?p=8885"},"modified":"2022-10-21T09:30:42","modified_gmt":"2022-10-21T12:30:42","slug":"prefeitura-desenvolve-atividades-adaptadas-para-idosos-e-pessoas-com-deficiencia-em-bairros-da-regiao-central","status":"publish","type":"post","link":"https:\/\/lrm67.com\/index.php\/2022\/10\/21\/prefeitura-desenvolve-atividades-adaptadas-para-idosos-e-pessoas-com-deficiencia-em-bairros-da-regiao-central\/","title":{"rendered":"Prefeitura desenvolve atividades adaptadas para idosos e pessoas com defici\u00eancia em bairros da Regi\u00e3o Central"},"content":{"rendered":"<p style=\"font-weight: 400;\">A Prefeitura de S\u00e3o Sebasti\u00e3o, por meio da Secretaria da Pessoa com Defici\u00eancia e do Idoso (SEPEDI) est\u00e1 com inscri\u00e7\u00f5es abertas para atividades f\u00edsicas e culturais adaptadas, e projetos especializados descentralizados gratuitos, voltados a idosos, acima dos 60 anos, e pessoas com defici\u00eancia (PcD), no bairro S\u00e3o Francisco, Regi\u00e3o Central, como tamb\u00e9m, em outros bairros da Costa Norte e Costa Sul do munic\u00edpio.<\/p>\n<p style=\"font-weight: 400;\">As inscri\u00e7\u00f5es podem ser feitas presencialmente, at\u00e9 o dia (27), quinta-feira, no local das aulas, Rua Martins do Val, 254, bairro S\u00e3o Francisco, de segunda a sexta-feira, das 8h \u00e0s 17h. Os documentos necess\u00e1rios s\u00e3o RG, CPF, atestado m\u00e9dico e comprovante de resid\u00eancia atualizado. As atividades come\u00e7am segunda-feira (31).<\/p>\n<p style=\"font-weight: 400;\">Mais informa\u00e7\u00f5es podem ser obtidas na sede da SEPEDI, Avenida Vereador Ant\u00f4nio Borges, 1.905, bairro Praia Grande (Balne\u00e1rio dos Trabalhadores), de segunda a sexta-feira, das 8h \u00e0s 17h, ou pelos telefones 3892-4890; 3892-2669 e e-mail:\u00a0<a href=\"mailto:sepedi@saosebastiao.sp.gov.br\">sepedi@saosebastiao.sp.gov.br<\/a>.<\/p>\n<p style=\"font-weight: 400;\"><strong>Cronograma de Atividades<\/strong><\/p>\n<p style=\"font-weight: 400;\"><strong>Ter\u00e7as-feiras \u2013<\/strong>\u00a08h, alongamento; 9h, gin\u00e1stica adaptada; 10h30, jogos de cartas e tabuleiros; manh\u00e3; 13h30 alongamento, 14h30, gin\u00e1stica adaptada; 16h, jogos de cartas e tabuleiros, tarde;<\/p>\n<p style=\"font-weight: 400;\"><strong>Quartas-feiras \u2013<\/strong>\u00a013h, dan\u00e7a, per\u00edodo da tarde;<\/p>\n<p style=\"font-weight: 400;\"><strong>Quintas-feiras \u2013<\/strong>\u00a08h, caminhada; 9h, alongamento; 10h30, funcional, per\u00edodo da manh\u00e3; 13h30, artesanato, turma 1; 15h, artesanato, turma 2, tarde;<\/p>\n<p style=\"font-weight: 400;\"><strong>Sextas-feiras \u2013\u00a0<\/strong>8h, aulas de viol\u00e3o; 8h, alongamento; 9h, gin\u00e1stica adaptada; 10h, viol\u00e3o; 10h30, jogos de cartas e tabuleiros, per\u00edodo da manh\u00e3; 13h30, alongamento, 14h, aulas de viol\u00e3o; 14h30, gin\u00e1stica adaptada; 15h, viol\u00e3o, 16h, jogos de cartas e tabuleiros, per\u00edodo da tarde.<\/p>\n<p style=\"font-weight: 400;\">As atividades f\u00edsicas, culturais e\u00a0projetos especializados descentralizados\u00a0ocorrem na\u00a0Rua Martins do Val, 254, bairro S\u00e3o Francisco.<\/p>\n","protected":false},"excerpt":{"rendered":"<p>A Prefeitura de S\u00e3o Sebasti\u00e3o, por meio da Secretaria da Pessoa com Defici\u00eancia e do Idoso (SEPEDI) est\u00e1 com inscri\u00e7\u00f5es abertas para atividades f\u00edsicas e culturais adaptadas, e projetos especializados descentralizados gratuitos, voltados a idosos, acima dos 60 anos, e pessoas com defici\u00eancia (PcD), no bairro S\u00e3o Francisco, Regi\u00e3o Central, como tamb\u00e9m, em outros bairros [&hellip;]<\/p>\n","protected":false},"author":26,"featured_media":8886,"comment_status":"open","ping_status":"open","sticky":false,"template":"","format":"standard","meta":{"footnotes":""},"categories":[11,2,13],"tags":[],"class_list":["post-8885","post","type-post","status-publish","format-standard","has-post-thumbnail","hentry","category-esportes","category-geral","category-sao-sebastiao"],"aioseo_notices":[],"_links":{"self":[{"href":"https:\/\/lrm67.com\/index.php\/wp-json\/wp\/v2\/posts\/8885","targetHints":{"allow":["GET"]}}],"collection":[{"href":"https:\/\/lrm67.com\/index.php\/wp-json\/wp\/v2\/posts"}],"about":[{"href":"https:\/\/lrm67.com\/index.php\/wp-json\/wp\/v2\/types\/post"}],"author":[{"embeddable":true,"href":"https:\/\/lrm67.com\/index.php\/wp-json\/wp\/v2\/users\/26"}],"replies":[{"embeddable":true,"href":"https:\/\/lrm67.com\/index.php\/wp-json\/wp\/v2\/comments?post=8885"}],"version-history":[{"count":1,"href":"https:\/\/lrm67.com\/index.php\/wp-json\/wp\/v2\/posts\/8885\/revisions"}],"predecessor-version":[{"id":8887,"href":"https:\/\/lrm67.com\/index.php\/wp-json\/wp\/v2\/posts\/8885\/revisions\/8887"}],"wp:featuredmedia":[{"embeddable":true,"href":"https:\/\/lrm67.com\/index.php\/wp-json\/wp\/v2\/media\/8886"}],"wp:attachment":[{"href":"https:\/\/lrm67.com\/index.php\/wp-json\/wp\/v2\/media?parent=8885"}],"wp:term":[{"taxonomy":"category","embeddable":true,"href":"https:\/\/lrm67.com\/index.php\/wp-json\/wp\/v2\/categories?post=8885"},{"taxonomy":"post_tag","embeddable":true,"href":"https:\/\/lrm67.com\/index.php\/wp-json\/wp\/v2\/tags?post=8885"}],"curies":[{"name":"wp","href":"https:\/\/api.w.org\/{rel}","templated":true}]}}