{"id":8771,"date":"2022-10-18T14:50:46","date_gmt":"2022-10-18T17:50:46","guid":{"rendered":"https:\/\/lrm67.com\/?p=8771"},"modified":"2022-10-18T14:50:46","modified_gmt":"2022-10-18T17:50:46","slug":"prefeitura-prepara-programacao-cultural-em-comemoracao-ao-mes-das-criancas-em-sao-sebastiao","status":"publish","type":"post","link":"https:\/\/lrm67.com\/index.php\/2022\/10\/18\/prefeitura-prepara-programacao-cultural-em-comemoracao-ao-mes-das-criancas-em-sao-sebastiao\/","title":{"rendered":"Prefeitura prepara programa\u00e7\u00e3o cultural em comemora\u00e7\u00e3o ao m\u00eas das crian\u00e7as em S\u00e3o Sebasti\u00e3o"},"content":{"rendered":"<p style=\"font-weight: 400;\">Na sexta-feira (21), \u00e0s 14h, ser\u00e1 apresentado na Casa da Cultura o espet\u00e1culo infantil \u201cO Cabar\u00e9 de Circo Le Petit Potpourri\u201d. Le Petit Potpourri \u00e9 um cabar\u00e9 que conta com inusitados n\u00fameros de circo: malabares, acrobacia, equil\u00edbrio e muito humor. Com a apresenta\u00e7\u00e3o de Gonzalo Caraballo, artistas nacionais e internacionais se revezam em cena para encantar e surpreender o p\u00fablico, tudo acompanhado por m\u00fasica ao vivo. A pe\u00e7a tamb\u00e9m integra a programa\u00e7\u00e3o do Circuito SP.<\/p>\n<p style=\"font-weight: 400;\">No s\u00e1bado (22), \u00e0s 15h, a La Trapera Cia Teatral traz para S\u00e3o Sebasti\u00e3o o espet\u00e1culo &#8220;Tatipirun&#8221;. A apresenta\u00e7\u00e3o acontecer\u00e1 no Teatro Municipal e \u00e9 inspirada no universo criado por Graciliano Ramos em &#8220;A Terra dos Meninos Pelados&#8221;, contando a aventura protagonizada por Cora, uma menina que n\u00e3o se encaixa no lugar onde vive. Procurando um lugar para pertencer, Cora parte para Tatipirun: terra onde as crian\u00e7as s\u00e3o doces e as cigarras tocam m\u00fasicas polif\u00f4nicas. L\u00e1, com a ajuda de Talima, Pirenco, Sira e Caral\u00e2mpia, segue uma jornada rumo a um aprendizado sobre pertencimento e aceita\u00e7\u00e3o.<\/p>\n<p style=\"font-weight: 400;\">Al\u00e9m da pe\u00e7a, o projeto \u201cTatipirun\u201d oferecer\u00e1 a oficina \u201cCorpo e M\u00fasica &#8211; A musicalidade aliada \u00e0 constru\u00e7\u00e3o corporal\u201d, voltada para o p\u00fablico geral, atores e grupos de teatro da cidade. A atividade vai abordar o processo metodol\u00f3gico da constru\u00e7\u00e3o corporal aliada a musicalidade na montagem do espet\u00e1culo Tatipirun. A oficina acontece tamb\u00e9m no dia 22 de outubro, das 19h \u00e0s 22h, no Teatro Municipal e tem vagas limitadas. Para se inscrever basta preencher o formul\u00e1rio\u00a0<a href=\"https:\/\/forms.gle\/3pejdG6YpJHHfFYc8\" data-saferedirecturl=\"https:\/\/www.google.com\/url?q=https:\/\/forms.gle\/3pejdG6YpJHHfFYc8&amp;source=gmail&amp;ust=1666201682342000&amp;usg=AOvVaw3c2GTGMi6PDWfRaOrPkNrF\">forms.gle\/3pejdG6YpJHHfFYc8<\/a>\u00a0ou entrar em contato pelo telefone (12) 99114-1277.<\/p>\n<p style=\"font-weight: 400;\">Encerrando a programa\u00e7\u00e3o no Teatro Municipal, no domingo (23), \u00e0s 15h, a Cia. Os Ciclom\u00e1ticos apresenta a pe\u00e7a teatral &#8220;Antes que o Galo Cante&#8221;. Livremente inspirada na obra de William Shakespeare Romeu e Julieta, Antes que o Galo Cante \u00e9 um espet\u00e1culo leve e divertido que agrada a adultos e crian\u00e7as de todas as idades. Entre \u00e1rvores seculares e prados floridos, animais de patas e animais de asas n\u00e3o se misturam, at\u00e9 que o Sabi\u00e1 Laranjeira Junior apaixona-se pela Gata Malhada do Mato, criando diverg\u00eancia entre os animais da floresta. Para viver este amor, os apaixonados ter\u00e3o que enfrentar todas as dificuldades impostas pelas duas fam\u00edlias.<\/p>\n<p style=\"font-weight: 400;\">Todos os espet\u00e1culos t\u00eam entrada gratuita e classifica\u00e7\u00e3o Livre. O p\u00fablico ser\u00e1 recepcionado uma hora antes do in\u00edcio das pe\u00e7as (n\u00e3o haver\u00e1 retirada de ingresso antecipadamente).<\/p>\n<p style=\"font-weight: 400;\"><strong>\u00a0<\/strong><\/p>\n<p style=\"font-weight: 400;\"><strong>Servi\u00e7o:<\/strong><\/p>\n<p style=\"font-weight: 400;\"><strong>20\/10 (quinta-feira)<\/strong><\/p>\n<p style=\"font-weight: 400;\">15h | \u201cO Menino Maluquinho &#8211; Lisonjeio ao Mestre\u201d. Cia Trapiche.<\/p>\n<p style=\"font-weight: 400;\">Local: Teatro Municipal \u2013 Av. Dr. Altino Arantes, n\u00ba 2, Centro Hist\u00f3rico.<\/p>\n<p style=\"font-weight: 400;\">Classifica\u00e7\u00e3o: Livre<\/p>\n<p style=\"font-weight: 400;\">\n<p style=\"font-weight: 400;\"><strong>21\/10 (sexta-feira)<\/strong><\/p>\n<p style=\"font-weight: 400;\">14h | \u201cO Cabar\u00e9 de Circo Le Petit Potpourri\u201d.<\/p>\n<p style=\"font-weight: 400;\">Local: Casa da Cultura de S\u00e3o Sebasti\u00e3o \u2013 Av. Dr. Altino Arantes, n\u00ba 174, Centro Hist\u00f3rico.<\/p>\n<p style=\"font-weight: 400;\">Classifica\u00e7\u00e3o: Livre<\/p>\n<p style=\"font-weight: 400;\">\n<p style=\"font-weight: 400;\"><strong>22\/10 (s\u00e1bado)<\/strong><\/p>\n<p style=\"font-weight: 400;\">15h | &#8220;Tatipirun&#8221;. La Trapera Cia Teatral.<\/p>\n<p style=\"font-weight: 400;\">Local: Teatro Municipal \u2013 Av. Dr. Altino Arantes, n\u00ba 2, Centro Hist\u00f3rico.<\/p>\n<p style=\"font-weight: 400;\">Classifica\u00e7\u00e3o: Livre<\/p>\n<p style=\"font-weight: 400;\">\n<p style=\"font-weight: 400;\">19h \u00e0s 22h | Oficina \u201cCorpo e M\u00fasica &#8211; A musicalidade aliada a constru\u00e7\u00e3o corporal\u201d<\/p>\n<p style=\"font-weight: 400;\">Local: Teatro Municipal \u2013 Av. Dr. Altino Arantes, n\u00ba 2, Centro Hist\u00f3rico.<\/p>\n<p style=\"font-weight: 400;\">Inscri\u00e7\u00f5es: pelo formul\u00e1rio\u00a0<a href=\"https:\/\/forms.gle\/3pejdG6YpJHHfFYc8\" data-saferedirecturl=\"https:\/\/www.google.com\/url?q=https:\/\/forms.gle\/3pejdG6YpJHHfFYc8&amp;source=gmail&amp;ust=1666201682343000&amp;usg=AOvVaw0VKDpIdPcHekMcalEgoa4v\">forms.gle\/3pejdG6YpJHHfFYc8<\/a>\u00a0ou telefone (12) 99114-1277<\/p>\n<p style=\"font-weight: 400;\">\n<p style=\"font-weight: 400;\"><strong>23\/10 (domingo)<\/strong><\/p>\n<p style=\"font-weight: 400;\">15h | &#8220;Antes que o Galo Cante&#8221;. Cia Os Ciclom\u00e1ticos.<\/p>\n<p style=\"font-weight: 400;\">Local: Teatro Municipal \u2013 Av. Dr. Altino Arantes, n\u00ba 2, Centro Hist\u00f3rico.<\/p>\n<p style=\"font-weight: 400;\">Classifica\u00e7\u00e3o: Livre<\/p>\n","protected":false},"excerpt":{"rendered":"<p>Na sexta-feira (21), \u00e0s 14h, ser\u00e1 apresentado na Casa da Cultura o espet\u00e1culo infantil \u201cO Cabar\u00e9 de Circo Le Petit Potpourri\u201d. Le Petit Potpourri \u00e9 um cabar\u00e9 que conta com inusitados n\u00fameros de circo: malabares, acrobacia, equil\u00edbrio e muito humor. Com a apresenta\u00e7\u00e3o de Gonzalo Caraballo, artistas nacionais e internacionais se revezam em cena para [&hellip;]<\/p>\n","protected":false},"author":26,"featured_media":8772,"comment_status":"open","ping_status":"open","sticky":false,"template":"","format":"standard","meta":{"footnotes":""},"categories":[30,2,13],"tags":[],"class_list":["post-8771","post","type-post","status-publish","format-standard","has-post-thumbnail","hentry","category-cultura","category-geral","category-sao-sebastiao"],"aioseo_notices":[],"_links":{"self":[{"href":"https:\/\/lrm67.com\/index.php\/wp-json\/wp\/v2\/posts\/8771","targetHints":{"allow":["GET"]}}],"collection":[{"href":"https:\/\/lrm67.com\/index.php\/wp-json\/wp\/v2\/posts"}],"about":[{"href":"https:\/\/lrm67.com\/index.php\/wp-json\/wp\/v2\/types\/post"}],"author":[{"embeddable":true,"href":"https:\/\/lrm67.com\/index.php\/wp-json\/wp\/v2\/users\/26"}],"replies":[{"embeddable":true,"href":"https:\/\/lrm67.com\/index.php\/wp-json\/wp\/v2\/comments?post=8771"}],"version-history":[{"count":1,"href":"https:\/\/lrm67.com\/index.php\/wp-json\/wp\/v2\/posts\/8771\/revisions"}],"predecessor-version":[{"id":8773,"href":"https:\/\/lrm67.com\/index.php\/wp-json\/wp\/v2\/posts\/8771\/revisions\/8773"}],"wp:featuredmedia":[{"embeddable":true,"href":"https:\/\/lrm67.com\/index.php\/wp-json\/wp\/v2\/media\/8772"}],"wp:attachment":[{"href":"https:\/\/lrm67.com\/index.php\/wp-json\/wp\/v2\/media?parent=8771"}],"wp:term":[{"taxonomy":"category","embeddable":true,"href":"https:\/\/lrm67.com\/index.php\/wp-json\/wp\/v2\/categories?post=8771"},{"taxonomy":"post_tag","embeddable":true,"href":"https:\/\/lrm67.com\/index.php\/wp-json\/wp\/v2\/tags?post=8771"}],"curies":[{"name":"wp","href":"https:\/\/api.w.org\/{rel}","templated":true}]}}