{"id":8765,"date":"2022-10-18T14:48:56","date_gmt":"2022-10-18T17:48:56","guid":{"rendered":"https:\/\/lrm67.com\/?p=8765"},"modified":"2022-10-18T14:48:56","modified_gmt":"2022-10-18T17:48:56","slug":"fundo-social-lanca-campanha-solidaria-ajude-quem-mais-precisa","status":"publish","type":"post","link":"https:\/\/lrm67.com\/index.php\/2022\/10\/18\/fundo-social-lanca-campanha-solidaria-ajude-quem-mais-precisa\/","title":{"rendered":"Fundo Social lan\u00e7a campanha solid\u00e1ria \u2018Ajude Quem Mais Precisa\u2019"},"content":{"rendered":"<p style=\"font-weight: 400;\">O Fundo Social da Prefeitura de S\u00e3o Sebasti\u00e3o lan\u00e7a a campanha solid\u00e1ria preventiva \u2018Ajude Quem Mais Precisa\u2019 para arrecada\u00e7\u00e3o de geladeiras, fog\u00f5es, guarda-roupas, camas, colch\u00f5es, utens\u00edlios dom\u00e9sticos, talhares, pratos, copos, roupas de cama, mesa e banho para aux\u00edlio as fam\u00edlias em situa\u00e7\u00e3o emergencial de vulnerabilidade social.<\/p>\n<p style=\"font-weight: 400;\">Os donativos ficar\u00e3o estocados na sede da entidade e servir\u00e3o de apoio, tamb\u00e9m,\u00a0em medidas preventivas para amenizar os impactos causados pelas chuvas de ver\u00e3o. Parceiros solid\u00e1rios que puderem e quiserem podem ajudar nesta campanha do Fundo Social. Os emergencialmente vulner\u00e1veis agradecem.<\/p>\n<p style=\"font-weight: 400;\">Mais informa\u00e7\u00f5es para doa\u00e7\u00f5es e solicita\u00e7\u00f5es podem ser obtidas na sede do Fundo Social de S\u00e3o Sebasti\u00e3o, Rua Capit\u00e3o Luiz Soares, 33, Centro, das 8h \u00e0s 17h, de segunda a sexta-feira, ou pelos telefones: (12) 3892-4991 e (12) 3892-5560, al\u00e9m de agendamentos para retirada de donativos.<\/p>\n","protected":false},"excerpt":{"rendered":"<p>O Fundo Social da Prefeitura de S\u00e3o Sebasti\u00e3o lan\u00e7a a campanha solid\u00e1ria preventiva \u2018Ajude Quem Mais Precisa\u2019 para arrecada\u00e7\u00e3o de geladeiras, fog\u00f5es, guarda-roupas, camas, colch\u00f5es, utens\u00edlios dom\u00e9sticos, talhares, pratos, copos, roupas de cama, mesa e banho para aux\u00edlio as fam\u00edlias em situa\u00e7\u00e3o emergencial de vulnerabilidade social. Os donativos ficar\u00e3o estocados na sede da entidade e [&hellip;]<\/p>\n","protected":false},"author":26,"featured_media":8766,"comment_status":"open","ping_status":"open","sticky":false,"template":"","format":"standard","meta":{"footnotes":""},"categories":[2,13],"tags":[],"class_list":["post-8765","post","type-post","status-publish","format-standard","has-post-thumbnail","hentry","category-geral","category-sao-sebastiao"],"aioseo_notices":[],"_links":{"self":[{"href":"https:\/\/lrm67.com\/index.php\/wp-json\/wp\/v2\/posts\/8765","targetHints":{"allow":["GET"]}}],"collection":[{"href":"https:\/\/lrm67.com\/index.php\/wp-json\/wp\/v2\/posts"}],"about":[{"href":"https:\/\/lrm67.com\/index.php\/wp-json\/wp\/v2\/types\/post"}],"author":[{"embeddable":true,"href":"https:\/\/lrm67.com\/index.php\/wp-json\/wp\/v2\/users\/26"}],"replies":[{"embeddable":true,"href":"https:\/\/lrm67.com\/index.php\/wp-json\/wp\/v2\/comments?post=8765"}],"version-history":[{"count":1,"href":"https:\/\/lrm67.com\/index.php\/wp-json\/wp\/v2\/posts\/8765\/revisions"}],"predecessor-version":[{"id":8767,"href":"https:\/\/lrm67.com\/index.php\/wp-json\/wp\/v2\/posts\/8765\/revisions\/8767"}],"wp:featuredmedia":[{"embeddable":true,"href":"https:\/\/lrm67.com\/index.php\/wp-json\/wp\/v2\/media\/8766"}],"wp:attachment":[{"href":"https:\/\/lrm67.com\/index.php\/wp-json\/wp\/v2\/media?parent=8765"}],"wp:term":[{"taxonomy":"category","embeddable":true,"href":"https:\/\/lrm67.com\/index.php\/wp-json\/wp\/v2\/categories?post=8765"},{"taxonomy":"post_tag","embeddable":true,"href":"https:\/\/lrm67.com\/index.php\/wp-json\/wp\/v2\/tags?post=8765"}],"curies":[{"name":"wp","href":"https:\/\/api.w.org\/{rel}","templated":true}]}}