{"id":8762,"date":"2022-10-18T14:23:50","date_gmt":"2022-10-18T17:23:50","guid":{"rendered":"https:\/\/lrm67.com\/?p=8762"},"modified":"2022-10-18T14:23:50","modified_gmt":"2022-10-18T17:23:50","slug":"com-ares-de-execo-homem-e-baleado-na-cabeca-na-manha-desta-terca-em-ilhabela","status":"publish","type":"post","link":"https:\/\/lrm67.com\/index.php\/2022\/10\/18\/com-ares-de-execo-homem-e-baleado-na-cabeca-na-manha-desta-terca-em-ilhabela\/","title":{"rendered":"Com ares de execu\u00e7\u00e3o, homem \u00e9 baleado na cabe\u00e7a na manh\u00e3 desta ter\u00e7a em Ilhabela"},"content":{"rendered":"<p><strong>Marcello Ver\u00edssimo<\/strong><\/p>\n<p>A Pol\u00edcia Civil, em Ilhabela, procura o autor de uma tentativa de homic\u00eddio na manh\u00e3 desta ter\u00e7a-feira (18). O caso aconteceu bem cedo, ap\u00f3s das 7h30, no Alto da Barra Velha, regi\u00e3o central do arquip\u00e9lago.<\/p>\n<p>A v\u00edtima, um homem de 44 anos, conhecido como Cear\u00e1, estava chegando em casa quando foi surpreendido pelo assassino. Ele foi baleado na cabe\u00e7a. O crime aconteceu entre as ruas Jacaraci e Carij\u00f3s.<\/p>\n<p>O suspeito pela tentativa de homic\u00eddio ainda n\u00e3o foi identificado. Ningu\u00e9m havia sido preso at\u00e9 o in\u00edcio da tarde desta ter\u00e7a-feira. A PM continua em dilig\u00eancias para capturar o autor dos disparos.<\/p>\n<p>Ap\u00f3s o crime, segundo a pol\u00edcia, o suspeito teria fugido em uma moto rumo ignorado.<\/p>\n<p>Cear\u00e1 foi levado para o pronto-socorro do Hospital M\u00e1rio Covas sendo posteriormente transferido para o Hospital Regional do Litoral Norte, em Caraguatatuba.<\/p>\n<p>A reportagem do JDL procurou o Hospital Regional do Litoral Norte para saber o estado de sa\u00fade de Cear\u00e1, mas o HRLN n\u00e3o comentou o caso.<\/p>\n","protected":false},"excerpt":{"rendered":"<p>Marcello Ver\u00edssimo A Pol\u00edcia Civil, em Ilhabela, procura o autor de uma tentativa de homic\u00eddio na manh\u00e3 desta ter\u00e7a-feira (18). O caso aconteceu bem cedo, ap\u00f3s das 7h30, no Alto da Barra Velha, regi\u00e3o central do arquip\u00e9lago. A v\u00edtima, um homem de 44 anos, conhecido como Cear\u00e1, estava chegando em casa quando foi surpreendido pelo [&hellip;]<\/p>\n","protected":false},"author":26,"featured_media":8763,"comment_status":"open","ping_status":"open","sticky":false,"template":"","format":"standard","meta":{"footnotes":""},"categories":[7,2,3,15],"tags":[],"class_list":["post-8762","post","type-post","status-publish","format-standard","has-post-thumbnail","hentry","category-destaque","category-geral","category-ilhabela","category-policia"],"aioseo_notices":[],"_links":{"self":[{"href":"https:\/\/lrm67.com\/index.php\/wp-json\/wp\/v2\/posts\/8762","targetHints":{"allow":["GET"]}}],"collection":[{"href":"https:\/\/lrm67.com\/index.php\/wp-json\/wp\/v2\/posts"}],"about":[{"href":"https:\/\/lrm67.com\/index.php\/wp-json\/wp\/v2\/types\/post"}],"author":[{"embeddable":true,"href":"https:\/\/lrm67.com\/index.php\/wp-json\/wp\/v2\/users\/26"}],"replies":[{"embeddable":true,"href":"https:\/\/lrm67.com\/index.php\/wp-json\/wp\/v2\/comments?post=8762"}],"version-history":[{"count":1,"href":"https:\/\/lrm67.com\/index.php\/wp-json\/wp\/v2\/posts\/8762\/revisions"}],"predecessor-version":[{"id":8764,"href":"https:\/\/lrm67.com\/index.php\/wp-json\/wp\/v2\/posts\/8762\/revisions\/8764"}],"wp:featuredmedia":[{"embeddable":true,"href":"https:\/\/lrm67.com\/index.php\/wp-json\/wp\/v2\/media\/8763"}],"wp:attachment":[{"href":"https:\/\/lrm67.com\/index.php\/wp-json\/wp\/v2\/media?parent=8762"}],"wp:term":[{"taxonomy":"category","embeddable":true,"href":"https:\/\/lrm67.com\/index.php\/wp-json\/wp\/v2\/categories?post=8762"},{"taxonomy":"post_tag","embeddable":true,"href":"https:\/\/lrm67.com\/index.php\/wp-json\/wp\/v2\/tags?post=8762"}],"curies":[{"name":"wp","href":"https:\/\/api.w.org\/{rel}","templated":true}]}}