{"id":8746,"date":"2022-10-18T09:35:56","date_gmt":"2022-10-18T12:35:56","guid":{"rendered":"https:\/\/lrm67.com\/?p=8746"},"modified":"2022-10-18T09:35:56","modified_gmt":"2022-10-18T12:35:56","slug":"as-vesperas-do-sedo-turno-alckmin-aparece-em-mensagem-destinada-aos-eleitores-do-litoral-norte","status":"publish","type":"post","link":"https:\/\/lrm67.com\/index.php\/2022\/10\/18\/as-vesperas-do-sedo-turno-alckmin-aparece-em-mensagem-destinada-aos-eleitores-do-litoral-norte\/","title":{"rendered":"\u00c0s v\u00e9speras do segundo turno, Alckmin aparece em mensagem destinada aos eleitores do Litoral Norte"},"content":{"rendered":"<p><strong>Marcello Ver\u00edssimo<\/strong><\/p>\n<p>O ex-governador de S\u00e3o Paulo Geraldo Alckmin, atual candidato a vice-presidente na chapa do petista Luiz In\u00e1cio Lula da Silva,divulgou nesta segunda-feira (17) mensagem especial destinada aos eleitores de Ubatuba e do Litoral Norte. Na mensagem o Geraldo Alckmin aparece ao lado do ex-prefeito da cidade Maur\u00edcio Moromizato e dos ex-vereadores Gilson e C\u00edcero Assump\u00e7\u00e3o.<\/p>\n<p>De acordo com Geraldo Alckmin, enquanto esteve governador sempre dedicou aten\u00e7\u00e3o ao litoral norte. O ex-governador tamb\u00e9m destacou sua participa\u00e7\u00e3o nas obras de duplica\u00e7\u00e3o da Rodovia dos Tamoios e na constru\u00e7\u00e3o do Hospital Regional.<\/p>\n<p>Geraldo disse que o candidato Lula tem compromisso com o mercado de trabalho, gera\u00e7\u00e3o de emprego e renda, moradias, atrav\u00e9s do Minha Casa Minha Vida. &#8220;Para que as pessoas possam sair do aluguel e ter sua casa pr\u00f3pria&#8221;, ele disse.<\/p>\n<p>Apesar de Alckmin ressaltar o compromisso de Lula, na atual campanha nem ele e nem o rival Jair Bolsonaro (PL) estiveram na regi\u00e3o. O Litoral Norte foi alvo maci\u00e7o dos candidatos ao governo do estado.<\/p>\n<p>Durante a campanha para o primeiro turno, Fernando Haddad (PT) e Rodrigo Garcia (PSDB) marcaram presen\u00e7a cumprindo agenda de campanha nos quatro munic\u00edpios da regi\u00e3o. Tarc\u00edsio de Freitas (PL), candidato do presidente e favorito nas pesquisas, n\u00e3o compareceu.<\/p>\n<p>Em sua mensagem Geraldo Alckmin tamb\u00e9m ressaltou o compromisso com o que ele chamou de Educa\u00e7\u00e3o de qualidade, da creche at\u00e9 a universidade. &#8220;A Simone Tebet (MDB), que est\u00e1 nos apoiando neste segundo turno, trouxe a proposta da Poupan\u00e7a Jovem, que ir\u00e1 ajuda os jovens. A Sa\u00fade, com o apoio do futuro governador Haddad, ser\u00e1 implantado no Litoral Norte o Hospital Dia. Contem conosco, vamos trabalhar juntos, dia 30 \u00e9 Lula e Haddad\u201d, disse o candidato.<\/p>\n<p>Ato em apoio a Lula &#8211; A mensagem de Alckmin \u00e9 divulgada depois que apoiadores de Lula e Haddad promoveram um ato em apoio ao ex-presidente na \u00faltima quinta-feira (13), no Centro Hist\u00f3rico de S\u00e3o Sebasti\u00e3o, que foi a \u00fanica cidade onde o petista venceu Jair Bolsonaro com uma pequena vantagem de votos.<\/p>\n<p>Na ocasi\u00e3o, estiveram presentes lideran\u00e7as hist\u00f3ricas do Partido dos Trabalhadores na cidade, al\u00e9m da professora L\u00facia Fran\u00e7a, candidata a vice na chapa de Haddad; seu filho, o deputado estadual Caio Fran\u00e7a; e pol\u00edticos locais.<\/p>\n<p>Em S\u00e3o Sebasti\u00e3o, Lula obteve 46,38% dos votos v\u00e1lidos totalizando 22.764. J\u00e1 Bolsonaro, totalizou 21.950 votos ou 44, 72%.<\/p>\n<p>Na disputa pelo governo de S\u00e3o Paulo, a disputa foi apertada, Tarc\u00edsio de Freitas, candidato de Bolsonaro, obteve 17.953 votos (39,71%) e Haddad, 17.315 votos (38,30%).<\/p>\n<p>Tarc\u00edsio venceu Haddad por uma diferen\u00e7a de 638 votos. Rodrigo Garcia(PSDB), apoiado pelo prefeito da cidade, Felipe Augusto, obteve apenas 8.865 votos(19,61%). No segundo turno, o prefeito de S\u00e3o Sebasti\u00e3o j\u00e1 declarou apoio \u00e0 Tarc\u00edsio de Freitas.<\/p>\n","protected":false},"excerpt":{"rendered":"<p>Marcello Ver\u00edssimo O ex-governador de S\u00e3o Paulo Geraldo Alckmin, atual candidato a vice-presidente na chapa do petista Luiz In\u00e1cio Lula da Silva,divulgou nesta segunda-feira (17) mensagem especial destinada aos eleitores de Ubatuba e do Litoral Norte. Na mensagem o Geraldo Alckmin aparece ao lado do ex-prefeito da cidade Maur\u00edcio Moromizato e dos ex-vereadores Gilson e [&hellip;]<\/p>\n","protected":false},"author":26,"featured_media":8747,"comment_status":"open","ping_status":"open","sticky":false,"template":"","format":"standard","meta":{"footnotes":""},"categories":[7,39,16],"tags":[],"class_list":["post-8746","post","type-post","status-publish","format-standard","has-post-thumbnail","hentry","category-destaque","category-eleicoes-2022","category-politica"],"aioseo_notices":[],"_links":{"self":[{"href":"https:\/\/lrm67.com\/index.php\/wp-json\/wp\/v2\/posts\/8746","targetHints":{"allow":["GET"]}}],"collection":[{"href":"https:\/\/lrm67.com\/index.php\/wp-json\/wp\/v2\/posts"}],"about":[{"href":"https:\/\/lrm67.com\/index.php\/wp-json\/wp\/v2\/types\/post"}],"author":[{"embeddable":true,"href":"https:\/\/lrm67.com\/index.php\/wp-json\/wp\/v2\/users\/26"}],"replies":[{"embeddable":true,"href":"https:\/\/lrm67.com\/index.php\/wp-json\/wp\/v2\/comments?post=8746"}],"version-history":[{"count":1,"href":"https:\/\/lrm67.com\/index.php\/wp-json\/wp\/v2\/posts\/8746\/revisions"}],"predecessor-version":[{"id":8748,"href":"https:\/\/lrm67.com\/index.php\/wp-json\/wp\/v2\/posts\/8746\/revisions\/8748"}],"wp:featuredmedia":[{"embeddable":true,"href":"https:\/\/lrm67.com\/index.php\/wp-json\/wp\/v2\/media\/8747"}],"wp:attachment":[{"href":"https:\/\/lrm67.com\/index.php\/wp-json\/wp\/v2\/media?parent=8746"}],"wp:term":[{"taxonomy":"category","embeddable":true,"href":"https:\/\/lrm67.com\/index.php\/wp-json\/wp\/v2\/categories?post=8746"},{"taxonomy":"post_tag","embeddable":true,"href":"https:\/\/lrm67.com\/index.php\/wp-json\/wp\/v2\/tags?post=8746"}],"curies":[{"name":"wp","href":"https:\/\/api.w.org\/{rel}","templated":true}]}}