{"id":8648,"date":"2022-10-14T09:34:53","date_gmt":"2022-10-14T12:34:53","guid":{"rendered":"https:\/\/lrm67.com\/?p=8648"},"modified":"2022-10-14T09:34:53","modified_gmt":"2022-10-14T12:34:53","slug":"moradores-e-turistas-cmoram-nas-redes-sociais-o-retorno-do-sol-na-regiao","status":"publish","type":"post","link":"https:\/\/lrm67.com\/index.php\/2022\/10\/14\/moradores-e-turistas-cmoram-nas-redes-sociais-o-retorno-do-sol-na-regiao\/","title":{"rendered":"Moradores e turistas comemoram nas redes sociais o retorno do sol na regi\u00e3o"},"content":{"rendered":"<p>Marcello Ver\u00edssimo<\/p>\n<p>Moradores e turistas utilizaram as redes sociais nesta quinta-feira (13) para celebrar o aparecimento de uma personagem importante na vida de todos n\u00f3s, mas principalmente de quem vive perto do mar: o sol. Sim, mesmo ainda t\u00edmido, na maioria do tempo, escondido entre as nuvens, ap\u00f3s dias seguidos de chuva e frio ontem foi poss\u00edvel sentir que o inverno acabou e que falta muito pouco para a chegada do ver\u00e3o e da alta temporada na esta\u00e7\u00e3o mais quente do ano e mais esperada na regi\u00e3o.<\/p>\n<p>Ao longo do dia, as temperaturas m\u00e1ximas chegaram aos 26 graus. A noite, por volta das 20h30, a sensa\u00e7\u00e3o t\u00e9rmica era de 21 graus, o ar estava quente e abafado atrelado a uma leve brisa dos ventos mar\u00edtimos.<\/p>\n<p>Condi\u00e7\u00e3o perfeita para os banhistas aproveitarem a praia. Em Caraguatatuba, Anderson Souza comemorou postando uma foto na praia. &#8220;O sol voltou!&#8221;, comemorou. A foto recebeu 105 rea\u00e7\u00f5es no Facebook entre curtir e amei, al\u00e9m de oito coment\u00e1rios. &#8220;Que maravilha&#8221;, comentou Lindinalva Nunes da Silva.<\/p>\n<p>Jandira Moraes tamb\u00e9m comemorou a manh\u00e3 de sol com belas fotos da praia Massagua\u00e7\u00fa e Capric\u00f3rnio, tamb\u00e9m em Caraguatatuba. Liege Marreiros Aguiar elogiou. &#8220;Como \u00e9 lindo esse nosso quintal. Obrigada senhor Deus!&#8221;.<\/p>\n<p>Marli Silva Cerqueira aproveitou a quinta-feira e fez registros na praia Martim de S\u00e1. &#8220;O Sol volta a Martin de S\u00e1 e a alegria volta com for\u00e7a e vontade, que lindo dia!&#8221;, ela vibrou, em uma sequ\u00eancia com mais de 10 fotos. A publica\u00e7\u00e3o recebeu 248 rea\u00e7\u00f5es.<\/p>\n<p>Luiz Augusto Nogueira, em um registro na Praia da Mococa, com a Ilha do Tamandu\u00e1 ao fundo, disse ser um bom lugar para vivenciar o amor.<\/p>\n<p>J\u00e1 Fl\u00e1via Lima disse que adora passar f\u00e9rias com a fam\u00edlia na cidade. &#8220;Hoje foi um dia lindo aqui em Caraguatatuba, que semana maravilhosa&#8230; Gratid\u00e3o \u00e0 esse povo hospitaleiro e gentil&#8230;Amo passar as f\u00e9rias aqui com a minha fam\u00edlia&#8230; Gratid\u00e3o&#8221;, disse ela, em um grupo do Facebook.<\/p>\n<p>Nesta sexta-feira (14), as temperaturas variam entre 19 e 25 graus nos quatro munic\u00edpios que comp\u00f5em o Litoral Norte.<\/p>\n","protected":false},"excerpt":{"rendered":"<p>Marcello Ver\u00edssimo Moradores e turistas utilizaram as redes sociais nesta quinta-feira (13) para celebrar o aparecimento de uma personagem importante na vida de todos n\u00f3s, mas principalmente de quem vive perto do mar: o sol. Sim, mesmo ainda t\u00edmido, na maioria do tempo, escondido entre as nuvens, ap\u00f3s dias seguidos de chuva e frio ontem [&hellip;]<\/p>\n","protected":false},"author":26,"featured_media":8649,"comment_status":"open","ping_status":"open","sticky":false,"template":"","format":"standard","meta":{"footnotes":""},"categories":[7,2,5],"tags":[],"class_list":["post-8648","post","type-post","status-publish","format-standard","has-post-thumbnail","hentry","category-destaque","category-geral","category-turismo"],"aioseo_notices":[],"_links":{"self":[{"href":"https:\/\/lrm67.com\/index.php\/wp-json\/wp\/v2\/posts\/8648","targetHints":{"allow":["GET"]}}],"collection":[{"href":"https:\/\/lrm67.com\/index.php\/wp-json\/wp\/v2\/posts"}],"about":[{"href":"https:\/\/lrm67.com\/index.php\/wp-json\/wp\/v2\/types\/post"}],"author":[{"embeddable":true,"href":"https:\/\/lrm67.com\/index.php\/wp-json\/wp\/v2\/users\/26"}],"replies":[{"embeddable":true,"href":"https:\/\/lrm67.com\/index.php\/wp-json\/wp\/v2\/comments?post=8648"}],"version-history":[{"count":1,"href":"https:\/\/lrm67.com\/index.php\/wp-json\/wp\/v2\/posts\/8648\/revisions"}],"predecessor-version":[{"id":8650,"href":"https:\/\/lrm67.com\/index.php\/wp-json\/wp\/v2\/posts\/8648\/revisions\/8650"}],"wp:featuredmedia":[{"embeddable":true,"href":"https:\/\/lrm67.com\/index.php\/wp-json\/wp\/v2\/media\/8649"}],"wp:attachment":[{"href":"https:\/\/lrm67.com\/index.php\/wp-json\/wp\/v2\/media?parent=8648"}],"wp:term":[{"taxonomy":"category","embeddable":true,"href":"https:\/\/lrm67.com\/index.php\/wp-json\/wp\/v2\/categories?post=8648"},{"taxonomy":"post_tag","embeddable":true,"href":"https:\/\/lrm67.com\/index.php\/wp-json\/wp\/v2\/tags?post=8648"}],"curies":[{"name":"wp","href":"https:\/\/api.w.org\/{rel}","templated":true}]}}