{"id":8645,"date":"2022-10-14T09:33:50","date_gmt":"2022-10-14T12:33:50","guid":{"rendered":"https:\/\/lrm67.com\/?p=8645"},"modified":"2022-10-14T09:33:50","modified_gmt":"2022-10-14T12:33:50","slug":"pt-reune-apdores-da-regiao-em-evento-aberto-na-praca-do-coreto","status":"publish","type":"post","link":"https:\/\/lrm67.com\/index.php\/2022\/10\/14\/pt-reune-apdores-da-regiao-em-evento-aberto-na-praca-do-coreto\/","title":{"rendered":"PT re\u00fane apoiadores da regi\u00e3o em evento aberto na Pra\u00e7a do Coreto"},"content":{"rendered":"<p>Marcello Ver\u00edssimo<\/p>\n<p>O ato em apoio a candidatura de Luiz In\u00e1cio Lula da Silva e Fernando Haddad, organizado pelo diret\u00f3rio do Partido dos Trabalhadores do Litoral Norte, reuniu dezenas de correligion\u00e1rios e apoiadores do ex-presidente nesta quinta-feira (13), em S\u00e3o Sebasti\u00e3o. O encontro terminou por volta das 20h, na Pra\u00e7a do Coreto, regi\u00e3o central do munic\u00edpio.<\/p>\n<p>De acordo com os organizadores, o ato em apoio a Lula movimentou petistas das quatro cidades da regi\u00e3o, que se encontraram em S\u00e3o Sebasti\u00e3o. Durante o tempo que a reportagem do JDL esteve presente na pra\u00e7a o p\u00fablico pedia &#8220;Fora Bolsonaro&#8221; e &#8220;Lula l\u00e1 e Haddad aqui&#8221;.<\/p>\n<p>O evento tamb\u00e9m reuniu pol\u00edticos locais como o ex-prefeito de S\u00e3o Sebasti\u00e3o, Juan Garcia (MDB), o empres\u00e1rio Amilton Pacheco (PSB), o vereador Teimoso (PSDB), o vereador Maur\u00edcio do Canto do Mar, tamb\u00e9m do PSDB, al\u00e9m do deputado estadual Caio Fran\u00e7a (PSB), eleito para seu 3\u00ba mandato com mais de 100 mil votos e do candidato Fernando Puga (PT) que totalizou quase 5 mil votos no primeiro turno.<\/p>\n<p>Cai\u00e7ara de S\u00e3o Vicente, na Baixada Santista, o deputado Fran\u00e7a foi bastante aplaudido pelos correligion\u00e1rios. Ele agradeceu ao apoio e aos votos que obteve na regi\u00e3o, sendo que somente em S\u00e3o Sebasti\u00e3o foram mais de 1.100 votos e pediu votos para Lula e Haddad. &#8220;Vamos trabalhar muito pelo Litoral Norte&#8221;, disse ele.<\/p>\n<p>A jornalista Priscila Siqueira, uma das lideran\u00e7as petistas mais conhecidas de S\u00e3o Sebasti\u00e3o, disse que \u00e9 inadmiss\u00edvel que pessoas ainda n\u00e3o tenho o que comer no pa\u00eds, criticou de forma contundente a omiss\u00e3o do governo federal com rela\u00e7\u00e3o ao tr\u00e1fico de pessoas, principalmente as mulheres que s\u00e3o levadas para praticar prostitui\u00e7\u00e3o e citou a senadora eleita Damares Alves, que foi ministra da Mulher, Fam\u00edlia e Direitos Humanos e se elegeu senadora como algu\u00e9m que n\u00e3o sabia o que estava fazendo enquanto esteve a frente do Minist\u00e9rio.<\/p>\n<p>Durante o per\u00edodo que esteve no cargo Damares se envolveu em diferentes pol\u00eamicas de g\u00eanero e sexualidade, entre eles o da famosa frase &#8220;Meninas vestem rosa, meninos vestem azul&#8221;.<\/p>\n","protected":false},"excerpt":{"rendered":"<p>Marcello Ver\u00edssimo O ato em apoio a candidatura de Luiz In\u00e1cio Lula da Silva e Fernando Haddad, organizado pelo diret\u00f3rio do Partido dos Trabalhadores do Litoral Norte, reuniu dezenas de correligion\u00e1rios e apoiadores do ex-presidente nesta quinta-feira (13), em S\u00e3o Sebasti\u00e3o. O encontro terminou por volta das 20h, na Pra\u00e7a do Coreto, regi\u00e3o central do [&hellip;]<\/p>\n","protected":false},"author":26,"featured_media":8646,"comment_status":"open","ping_status":"open","sticky":false,"template":"","format":"standard","meta":{"footnotes":""},"categories":[7,39,16],"tags":[],"class_list":["post-8645","post","type-post","status-publish","format-standard","has-post-thumbnail","hentry","category-destaque","category-eleicoes-2022","category-politica"],"aioseo_notices":[],"_links":{"self":[{"href":"https:\/\/lrm67.com\/index.php\/wp-json\/wp\/v2\/posts\/8645","targetHints":{"allow":["GET"]}}],"collection":[{"href":"https:\/\/lrm67.com\/index.php\/wp-json\/wp\/v2\/posts"}],"about":[{"href":"https:\/\/lrm67.com\/index.php\/wp-json\/wp\/v2\/types\/post"}],"author":[{"embeddable":true,"href":"https:\/\/lrm67.com\/index.php\/wp-json\/wp\/v2\/users\/26"}],"replies":[{"embeddable":true,"href":"https:\/\/lrm67.com\/index.php\/wp-json\/wp\/v2\/comments?post=8645"}],"version-history":[{"count":1,"href":"https:\/\/lrm67.com\/index.php\/wp-json\/wp\/v2\/posts\/8645\/revisions"}],"predecessor-version":[{"id":8647,"href":"https:\/\/lrm67.com\/index.php\/wp-json\/wp\/v2\/posts\/8645\/revisions\/8647"}],"wp:featuredmedia":[{"embeddable":true,"href":"https:\/\/lrm67.com\/index.php\/wp-json\/wp\/v2\/media\/8646"}],"wp:attachment":[{"href":"https:\/\/lrm67.com\/index.php\/wp-json\/wp\/v2\/media?parent=8645"}],"wp:term":[{"taxonomy":"category","embeddable":true,"href":"https:\/\/lrm67.com\/index.php\/wp-json\/wp\/v2\/categories?post=8645"},{"taxonomy":"post_tag","embeddable":true,"href":"https:\/\/lrm67.com\/index.php\/wp-json\/wp\/v2\/tags?post=8645"}],"curies":[{"name":"wp","href":"https:\/\/api.w.org\/{rel}","templated":true}]}}