{"id":8611,"date":"2022-10-13T10:47:33","date_gmt":"2022-10-13T13:47:33","guid":{"rendered":"https:\/\/lrm67.com\/?p=8611"},"modified":"2022-10-13T10:47:33","modified_gmt":"2022-10-13T13:47:33","slug":"bairro-do-bexiga-recebe-festa-em-comemoracao-ao-dia-das-criancas-em-ilhabela","status":"publish","type":"post","link":"https:\/\/lrm67.com\/index.php\/2022\/10\/13\/bairro-do-bexiga-recebe-festa-em-comemoracao-ao-dia-das-criancas-em-ilhabela\/","title":{"rendered":"Bairro do Bexiga recebe festa em comemora\u00e7\u00e3o ao dia das Crian\u00e7as em Ilhabela"},"content":{"rendered":"<p style=\"font-weight: 400;\">A Prefeitura de Ilhabela, por meio da Secretaria de Desenvolvimento e Inclus\u00e3o Social, promove apoio \u00e0 festa de dia das crian\u00e7as que tem sido realizada de maneira volunt\u00e1ria h\u00e1 seis anos pela senhora Ala\u00edde dos Santos e pelo senhor Davidson de Souza dos Santos (falecido em julho de 2021), no bairro do Bexiga das 14h \u00e0s 18h.<\/p>\n<p style=\"font-weight: 400;\">A festa conta com o apoio do com\u00e9rcio local, atrav\u00e9s de doa\u00e7\u00f5es e com a organiza\u00e7\u00e3o de festas e eventos para a capta\u00e7\u00e3o de recursos, sendo tamb\u00e9m uma forma de homenagear o senhor Davidson.\u00a0 A comemora\u00e7\u00e3o conta com brinquedos infl\u00e1veis: tobog\u00e3, futebol de sab\u00e3o; pula-pula, touro mec\u00e2nico, algod\u00e3o doce, refrigerante, bolo e muito mais.<\/p>\n<p style=\"font-weight: 400;\">Para realizar doa\u00e7\u00f5es e contribuir com a comemora\u00e7\u00e3o, basta entrar em contato com a senhora Ala\u00edde pelo telefone (12) 99736-0219.<\/p>\n<p style=\"font-weight: 400;\"><strong>Local<\/strong>: rua Vereador Manoel Pombo, 450, casa 149 \u2013 Bexiga (sul da Ilha).<\/p>\n","protected":false},"excerpt":{"rendered":"<p>A Prefeitura de Ilhabela, por meio da Secretaria de Desenvolvimento e Inclus\u00e3o Social, promove apoio \u00e0 festa de dia das crian\u00e7as que tem sido realizada de maneira volunt\u00e1ria h\u00e1 seis anos pela senhora Ala\u00edde dos Santos e pelo senhor Davidson de Souza dos Santos (falecido em julho de 2021), no bairro do Bexiga das 14h [&hellip;]<\/p>\n","protected":false},"author":26,"featured_media":8612,"comment_status":"open","ping_status":"open","sticky":false,"template":"","format":"standard","meta":{"footnotes":""},"categories":[2,3],"tags":[],"class_list":["post-8611","post","type-post","status-publish","format-standard","has-post-thumbnail","hentry","category-geral","category-ilhabela"],"aioseo_notices":[],"_links":{"self":[{"href":"https:\/\/lrm67.com\/index.php\/wp-json\/wp\/v2\/posts\/8611","targetHints":{"allow":["GET"]}}],"collection":[{"href":"https:\/\/lrm67.com\/index.php\/wp-json\/wp\/v2\/posts"}],"about":[{"href":"https:\/\/lrm67.com\/index.php\/wp-json\/wp\/v2\/types\/post"}],"author":[{"embeddable":true,"href":"https:\/\/lrm67.com\/index.php\/wp-json\/wp\/v2\/users\/26"}],"replies":[{"embeddable":true,"href":"https:\/\/lrm67.com\/index.php\/wp-json\/wp\/v2\/comments?post=8611"}],"version-history":[{"count":1,"href":"https:\/\/lrm67.com\/index.php\/wp-json\/wp\/v2\/posts\/8611\/revisions"}],"predecessor-version":[{"id":8613,"href":"https:\/\/lrm67.com\/index.php\/wp-json\/wp\/v2\/posts\/8611\/revisions\/8613"}],"wp:featuredmedia":[{"embeddable":true,"href":"https:\/\/lrm67.com\/index.php\/wp-json\/wp\/v2\/media\/8612"}],"wp:attachment":[{"href":"https:\/\/lrm67.com\/index.php\/wp-json\/wp\/v2\/media?parent=8611"}],"wp:term":[{"taxonomy":"category","embeddable":true,"href":"https:\/\/lrm67.com\/index.php\/wp-json\/wp\/v2\/categories?post=8611"},{"taxonomy":"post_tag","embeddable":true,"href":"https:\/\/lrm67.com\/index.php\/wp-json\/wp\/v2\/tags?post=8611"}],"curies":[{"name":"wp","href":"https:\/\/api.w.org\/{rel}","templated":true}]}}