{"id":8608,"date":"2022-10-13T10:45:02","date_gmt":"2022-10-13T13:45:02","guid":{"rendered":"https:\/\/lrm67.com\/?p=8608"},"modified":"2022-10-13T10:45:02","modified_gmt":"2022-10-13T13:45:02","slug":"prefeitura-de-sao-sebastiao-publica-edital-de-processo-seletivo-para-curso-de-formacao-de-guarda-mirim","status":"publish","type":"post","link":"https:\/\/lrm67.com\/index.php\/2022\/10\/13\/prefeitura-de-sao-sebastiao-publica-edital-de-processo-seletivo-para-curso-de-formacao-de-guarda-mirim\/","title":{"rendered":"Prefeitura de S\u00e3o Sebasti\u00e3o publica edital de processo seletivo para Curso de Forma\u00e7\u00e3o de Guarda Mirim"},"content":{"rendered":"<p style=\"font-weight: 400;\">A Prefeitura de S\u00e3o Sebasti\u00e3o, por meio da Divis\u00e3o da Guarda Mirim (GM), vinculada \u00e0 Pol\u00edcia Municipal, \u00f3rg\u00e3o subordinado \u00e0 Secretaria de Seguran\u00e7a Urbana (SEGUR),\u00a0publicou, nesta quinta-feira (13), edital de\u00a0processo seletivo com o objetivo de preencher as vagas para o Curso de Forma\u00e7\u00e3o de Guarda Mirim, exerc\u00edcio 2023, com base nos dispositivos da Lei Municipal 2673\/2019.<\/p>\n<p style=\"font-weight: 400;\">\n<p style=\"font-weight: 400;\">Ser\u00e3o oferecidas 160 vagas para os per\u00edodos da manh\u00e3 e da tarde, distribu\u00eddas nas unidades da Costa Norte (abrangendo os bairros da Cigarras, Enseada, Jaragu\u00e1 e Canto do Mar), Centro (abrangendo os bairros do Bairro de S\u00e3o Francisco a Guaec\u00e1) e Costa Sul (abrangendo os bairros de Toque-Toque Grande a Boraceia).<\/p>\n<p style=\"font-weight: 400;\">\n<p style=\"font-weight: 400;\">A oferta de vagas se dar\u00e1 da seguinte forma: 122 disputadas exclusivamente por prova objetiva; 12 preenchidas por m\u00e9rito escolar de alunos selecionados pela Secretaria de Educa\u00e7\u00e3o (SEDUC); 14 por programas sociais geridos pela Prefeitura para pessoas em situa\u00e7\u00e3o de vulnerabilidade social, indicadas pela Secretaria de Desenvolvimento Social (SEDES); e 12 pela Patrulha Maria da Penha, Programa desenvolvido pela Pol\u00edcia Municipal.<\/p>\n<p style=\"font-weight: 400;\">\n<p style=\"font-weight: 400;\">As inscri\u00e7\u00f5es poder\u00e3o ser feitas pelo site da Prefeitura (<a href=\"http:\/\/www.saosebastiao.sp.gov.br\/\" data-saferedirecturl=\"https:\/\/www.google.com\/url?q=http:\/\/www.saosebastiao.sp.gov.br\/&amp;source=gmail&amp;ust=1665752918996000&amp;usg=AOvVaw34AygKQleTVzqaH66Xn0RE\">http:\/\/www.saosebastiao.sp.gov.br\/<\/a>) ou pessoalmente na Unidade Guarda Mirim de Bareque\u00e7aba, \u00e0 Avenida Manoel Hip\u00f3lito do Rego, n.\u00ba 1.380, no per\u00edodo de 17 a 30 de outubro, de segunda a sexta-feira, das 9h \u00e0s 12h e das 13h30 \u00e0s 16h30.<\/p>\n<p style=\"font-weight: 400;\">\n<p style=\"font-weight: 400;\">As provas ser\u00e3o realizadas no dia 27 de novembro e estruturadas em quest\u00f5es de n\u00edvel fundamental, com alternativas de m\u00faltipla escolha, envolvendo as compet\u00eancias da L\u00edngua Portuguesa, Matem\u00e1tica, hist\u00f3ria do mun\u00edcipio de S\u00e3o Sebasti\u00e3o, conhecimentos gerais e reda\u00e7\u00e3o. O in\u00edcio das aulas ser\u00e1 em fevereiro de 2023.<\/p>\n<p style=\"font-weight: 400;\">\n<p style=\"font-weight: 400;\">S\u00e3o condi\u00e7\u00f5es para a inscri\u00e7\u00e3o no Processo Seletivo ter idade entre 14 anos e 17 anos e 11 meses na data da matr\u00edcula do curso de forma\u00e7\u00e3o; estar obrigatoriamente matriculado em rede oficial de ensino; ser residente e domiciliado no munic\u00edpio de S\u00e3o Sebasti\u00e3o; n\u00e3o ter sido desligado do Curso de forma\u00e7\u00e3o de Guarda Mirim por ato de indisciplina; ci\u00eancia e concord\u00e2ncia de todo o conte\u00fado do edital.<\/p>\n<p style=\"font-weight: 400;\">\n<p style=\"font-weight: 400;\">As demais informa\u00e7\u00f5es est\u00e3o especificadas no Edital do Processo Seletivo; acesse clicando AQUI.<\/p>\n<p style=\"font-weight: 400;\">\n<p style=\"font-weight: 400;\"><strong>Guarda Mirim<\/strong><\/p>\n<p style=\"font-weight: 400;\"><strong>\u00a0<\/strong><\/p>\n<p style=\"font-weight: 400;\">O projeto socioeducativo Guarda Mirim \u00e9 voltado a adolescentes entre 14 e 17 anos e busca oportunizar o primeiro emprego. Ap\u00f3s passarem por processo seletivo, os jovens recebem forma\u00e7\u00e3o no contraturno escolar, que inclui disciplinas como ingl\u00eas, matem\u00e1tica, portugu\u00eas, \u00e9tica e cidadania e mercado de trabalho.<\/p>\n<p style=\"font-weight: 400;\">\n<p style=\"font-weight: 400;\">Ap\u00f3s formado, o jovem tem a oportunidade de trabalhar na Prefeitura ou em uma das 68 empresas conveniadas. Desde 2017, mais de 616 jovens foram formados nos tr\u00eas polos municipais, localizados no Centro e nas Costas Norte e Sul.<\/p>\n","protected":false},"excerpt":{"rendered":"<p>A Prefeitura de S\u00e3o Sebasti\u00e3o, por meio da Divis\u00e3o da Guarda Mirim (GM), vinculada \u00e0 Pol\u00edcia Municipal, \u00f3rg\u00e3o subordinado \u00e0 Secretaria de Seguran\u00e7a Urbana (SEGUR),\u00a0publicou, nesta quinta-feira (13), edital de\u00a0processo seletivo com o objetivo de preencher as vagas para o Curso de Forma\u00e7\u00e3o de Guarda Mirim, exerc\u00edcio 2023, com base nos dispositivos da Lei Municipal [&hellip;]<\/p>\n","protected":false},"author":26,"featured_media":8609,"comment_status":"open","ping_status":"open","sticky":false,"template":"","format":"standard","meta":{"footnotes":""},"categories":[2,13],"tags":[],"class_list":["post-8608","post","type-post","status-publish","format-standard","has-post-thumbnail","hentry","category-geral","category-sao-sebastiao"],"aioseo_notices":[],"_links":{"self":[{"href":"https:\/\/lrm67.com\/index.php\/wp-json\/wp\/v2\/posts\/8608","targetHints":{"allow":["GET"]}}],"collection":[{"href":"https:\/\/lrm67.com\/index.php\/wp-json\/wp\/v2\/posts"}],"about":[{"href":"https:\/\/lrm67.com\/index.php\/wp-json\/wp\/v2\/types\/post"}],"author":[{"embeddable":true,"href":"https:\/\/lrm67.com\/index.php\/wp-json\/wp\/v2\/users\/26"}],"replies":[{"embeddable":true,"href":"https:\/\/lrm67.com\/index.php\/wp-json\/wp\/v2\/comments?post=8608"}],"version-history":[{"count":1,"href":"https:\/\/lrm67.com\/index.php\/wp-json\/wp\/v2\/posts\/8608\/revisions"}],"predecessor-version":[{"id":8610,"href":"https:\/\/lrm67.com\/index.php\/wp-json\/wp\/v2\/posts\/8608\/revisions\/8610"}],"wp:featuredmedia":[{"embeddable":true,"href":"https:\/\/lrm67.com\/index.php\/wp-json\/wp\/v2\/media\/8609"}],"wp:attachment":[{"href":"https:\/\/lrm67.com\/index.php\/wp-json\/wp\/v2\/media?parent=8608"}],"wp:term":[{"taxonomy":"category","embeddable":true,"href":"https:\/\/lrm67.com\/index.php\/wp-json\/wp\/v2\/categories?post=8608"},{"taxonomy":"post_tag","embeddable":true,"href":"https:\/\/lrm67.com\/index.php\/wp-json\/wp\/v2\/tags?post=8608"}],"curies":[{"name":"wp","href":"https:\/\/api.w.org\/{rel}","templated":true}]}}