{"id":8602,"date":"2022-10-13T10:06:25","date_gmt":"2022-10-13T13:06:25","guid":{"rendered":"https:\/\/lrm67.com\/?p=8602"},"modified":"2022-10-13T17:15:48","modified_gmt":"2022-10-13T20:15:48","slug":"pt-organiza-ato-de-ao-a-lula-e-haddad-em-sao-sebastiao","status":"publish","type":"post","link":"https:\/\/lrm67.com\/index.php\/2022\/10\/13\/pt-organiza-ato-de-ao-a-lula-e-haddad-em-sao-sebastiao\/","title":{"rendered":"PT organiza ato de apoio a Lula e Haddad em S\u00e3o Sebasti\u00e3o"},"content":{"rendered":"<p><strong>Marcello Ver\u00edssimo<\/strong><\/p>\n<p>Lideran\u00e7as do PT (Partido dos Trabalhadores), em S\u00e3o Sebasti\u00e3o, realizam na tarde desta quinta-feira (13), a partir das 17h30, um &#8220;Encontro pela Democracia&#8221; para demonstrar apoio aos candidatos Luiz In\u00e1cio Lula da Silva e Fernando Haddad.<\/p>\n<p>\u00c9 o primeiro movimento pol\u00edtico neste segundo turno na cidade. A concentra\u00e7\u00e3o vai acontecer na Pra\u00e7a do Coreto, ao lado da Igreja Matriz, na regi\u00e3o central. De acordo com o PT, o objetivo \u00e9 fazer uma caminhada, panfletagem e o chamado bandeira\u00e7o. O partido fala na presen\u00e7a de &#8220;lideran\u00e7as petistas hist\u00f3ricas&#8221; e tamb\u00e9m da candidata a vice-governadora de S\u00e3o Paulo pelo partido, Lucia Fran\u00e7a.<\/p>\n<p>O convite pede a presen\u00e7a de apoiadores e correligion\u00e1rios para mostrar for\u00e7a pol\u00edtica e &#8220;derrotar o bolsonarismo em S\u00e3o Sebasti\u00e3o, S\u00e3o Paulo e no Brasil&#8221;.<\/p>\n<p>Em S\u00e3o Sebasti\u00e3o, foi a \u00fanica cidade que Lula derrotou Bolsonaro na apura\u00e7\u00e3o do primeiro turno das elei\u00e7\u00f5es, no dia 2 de outubro. &#8220;N\u00e3o \u00e9 hora de omiss\u00e3o, \u00e9 hora de a\u00e7\u00e3o. De lutarmos pela Democracia e por nosso futuro&#8221;, conclama o PT.<\/p>\n","protected":false},"excerpt":{"rendered":"<p>Marcello Ver\u00edssimo Lideran\u00e7as do PT (Partido dos Trabalhadores), em S\u00e3o Sebasti\u00e3o, realizam na tarde desta quinta-feira (13), a partir das 17h30, um &#8220;Encontro pela Democracia&#8221; para demonstrar apoio aos candidatos Luiz In\u00e1cio Lula da Silva e Fernando Haddad. \u00c9 o primeiro movimento pol\u00edtico neste segundo turno na cidade. A concentra\u00e7\u00e3o vai acontecer na Pra\u00e7a do [&hellip;]<\/p>\n","protected":false},"author":26,"featured_media":8603,"comment_status":"open","ping_status":"open","sticky":false,"template":"","format":"standard","meta":{"footnotes":""},"categories":[39,16,13],"tags":[],"class_list":["post-8602","post","type-post","status-publish","format-standard","has-post-thumbnail","hentry","category-eleicoes-2022","category-politica","category-sao-sebastiao"],"aioseo_notices":[],"_links":{"self":[{"href":"https:\/\/lrm67.com\/index.php\/wp-json\/wp\/v2\/posts\/8602","targetHints":{"allow":["GET"]}}],"collection":[{"href":"https:\/\/lrm67.com\/index.php\/wp-json\/wp\/v2\/posts"}],"about":[{"href":"https:\/\/lrm67.com\/index.php\/wp-json\/wp\/v2\/types\/post"}],"author":[{"embeddable":true,"href":"https:\/\/lrm67.com\/index.php\/wp-json\/wp\/v2\/users\/26"}],"replies":[{"embeddable":true,"href":"https:\/\/lrm67.com\/index.php\/wp-json\/wp\/v2\/comments?post=8602"}],"version-history":[{"count":1,"href":"https:\/\/lrm67.com\/index.php\/wp-json\/wp\/v2\/posts\/8602\/revisions"}],"predecessor-version":[{"id":8604,"href":"https:\/\/lrm67.com\/index.php\/wp-json\/wp\/v2\/posts\/8602\/revisions\/8604"}],"wp:featuredmedia":[{"embeddable":true,"href":"https:\/\/lrm67.com\/index.php\/wp-json\/wp\/v2\/media\/8603"}],"wp:attachment":[{"href":"https:\/\/lrm67.com\/index.php\/wp-json\/wp\/v2\/media?parent=8602"}],"wp:term":[{"taxonomy":"category","embeddable":true,"href":"https:\/\/lrm67.com\/index.php\/wp-json\/wp\/v2\/categories?post=8602"},{"taxonomy":"post_tag","embeddable":true,"href":"https:\/\/lrm67.com\/index.php\/wp-json\/wp\/v2\/tags?post=8602"}],"curies":[{"name":"wp","href":"https:\/\/api.w.org\/{rel}","templated":true}]}}