{"id":8385,"date":"2022-10-03T16:18:29","date_gmt":"2022-10-03T19:18:29","guid":{"rendered":"https:\/\/lrm67.com\/?p=8385"},"modified":"2022-10-03T16:18:29","modified_gmt":"2022-10-03T19:18:29","slug":"exposicao-e-roda-de-conversa-sao-as-atracoes-do-dia-da-ave-arvore-e-do-paisagista-em-ilhabela","status":"publish","type":"post","link":"https:\/\/lrm67.com\/index.php\/2022\/10\/03\/exposicao-e-roda-de-conversa-sao-as-atracoes-do-dia-da-ave-arvore-e-do-paisagista-em-ilhabela\/","title":{"rendered":"Exposi\u00e7\u00e3o e roda de conversa s\u00e3o as atra\u00e7\u00f5es do dia da Ave, \u00c1rvore e do Paisagista em Ilhabela"},"content":{"rendered":"<p>A Prefeitura de Ilhabela, por meio da Secretaria de Meio Ambiente, promove no dia 5 de outubro, das 9h \u00e0s 13h, diversas a\u00e7\u00f5es em alus\u00e3o ao dia da Ave, da \u00c1rvore e do Paisagista, na Pra\u00e7a da Mangueira, no Perequ\u00ea.<u><\/u><u><\/u><\/p>\n<p>Como parte da programa\u00e7\u00e3o, \u00e0s 10h, o gestor ambiental Daniel Franco ministrar\u00e1 uma roda de conversa sobre o tema \u201cServi\u00e7os Ambientais do Paisagismo\u201d.<u><\/u><u><\/u><\/p>\n<p>Outro destaque do evento \u00e9 a exposi\u00e7\u00e3o do projeto \u201cASM Cambaquara\u201d, em que ser\u00e1 apresentado o importante trabalho realizado com as aves silvestres nativas na cidade, al\u00e9m da exposi\u00e7\u00e3o dos apetrechos de ca\u00e7a, apreendidos pela equipe do Parque Estadual de Ilhabela.<u><\/u><u><\/u><\/p>\n<p>O evento conta com apoio da Feira Club Mercado Verde, Parque Estadual de Ilhabela e Projeto ASM \u2013 Cambaquara.<\/p>\n","protected":false},"excerpt":{"rendered":"<p>A Prefeitura de Ilhabela, por meio da Secretaria de Meio Ambiente, promove no dia 5 de outubro, das 9h \u00e0s 13h, diversas a\u00e7\u00f5es em alus\u00e3o ao dia da Ave, da \u00c1rvore e do Paisagista, na Pra\u00e7a da Mangueira, no Perequ\u00ea. Como parte da programa\u00e7\u00e3o, \u00e0s 10h, o gestor ambiental Daniel Franco ministrar\u00e1 uma roda de [&hellip;]<\/p>\n","protected":false},"author":26,"featured_media":8386,"comment_status":"open","ping_status":"open","sticky":false,"template":"","format":"standard","meta":{"footnotes":""},"categories":[2,3,18],"tags":[],"class_list":["post-8385","post","type-post","status-publish","format-standard","has-post-thumbnail","hentry","category-geral","category-ilhabela","category-meio-ambiente"],"aioseo_notices":[],"_links":{"self":[{"href":"https:\/\/lrm67.com\/index.php\/wp-json\/wp\/v2\/posts\/8385","targetHints":{"allow":["GET"]}}],"collection":[{"href":"https:\/\/lrm67.com\/index.php\/wp-json\/wp\/v2\/posts"}],"about":[{"href":"https:\/\/lrm67.com\/index.php\/wp-json\/wp\/v2\/types\/post"}],"author":[{"embeddable":true,"href":"https:\/\/lrm67.com\/index.php\/wp-json\/wp\/v2\/users\/26"}],"replies":[{"embeddable":true,"href":"https:\/\/lrm67.com\/index.php\/wp-json\/wp\/v2\/comments?post=8385"}],"version-history":[{"count":1,"href":"https:\/\/lrm67.com\/index.php\/wp-json\/wp\/v2\/posts\/8385\/revisions"}],"predecessor-version":[{"id":8387,"href":"https:\/\/lrm67.com\/index.php\/wp-json\/wp\/v2\/posts\/8385\/revisions\/8387"}],"wp:featuredmedia":[{"embeddable":true,"href":"https:\/\/lrm67.com\/index.php\/wp-json\/wp\/v2\/media\/8386"}],"wp:attachment":[{"href":"https:\/\/lrm67.com\/index.php\/wp-json\/wp\/v2\/media?parent=8385"}],"wp:term":[{"taxonomy":"category","embeddable":true,"href":"https:\/\/lrm67.com\/index.php\/wp-json\/wp\/v2\/categories?post=8385"},{"taxonomy":"post_tag","embeddable":true,"href":"https:\/\/lrm67.com\/index.php\/wp-json\/wp\/v2\/tags?post=8385"}],"curies":[{"name":"wp","href":"https:\/\/api.w.org\/{rel}","templated":true}]}}