{"id":8370,"date":"2022-10-03T13:43:27","date_gmt":"2022-10-03T16:43:27","guid":{"rendered":"https:\/\/lrm67.com\/?p=8370"},"modified":"2022-10-03T13:43:27","modified_gmt":"2022-10-03T16:43:27","slug":"santa-casa-de-ubatuba-inaugura-novo-setor-de-emergencia","status":"publish","type":"post","link":"https:\/\/lrm67.com\/index.php\/2022\/10\/03\/santa-casa-de-ubatuba-inaugura-novo-setor-de-emergencia\/","title":{"rendered":"Santa Casa de Ubatuba inaugura novo setor de Emerg\u00eancia"},"content":{"rendered":"<p style=\"font-weight: 400;\">A Santa Casa de Ubatuba inaugurou a nova sala de Emerg\u00eancia do hospital ap\u00f3s a conclus\u00e3o da reforma e amplia\u00e7\u00e3o do espa\u00e7o. A entrega oficial foi realizada no \u00faltimo s\u00e1bado, dia 1\u00ba, e faz parte das comemora\u00e7\u00f5es do m\u00eas de anivers\u00e1rio de Ubatuba, que no dia 28 de outubro completar\u00e1 385 anos.<\/p>\n<p style=\"font-weight: 400;\">Com as obras conclu\u00eddas, a nova sala de Emerg\u00eancia dobrou sua capacidade de atendimento, passando de cinco para 10 leitos, com mais equipamentos e infraestrutura adequada para os atendimentos emergenciais. A gerente de Enfermagem da Santa Casa, Gl\u00e1ucia Wirthmann, falou sobre as melhorias apresentadas. \u201cAgora contamos com quatro leitos de estabiliza\u00e7\u00e3o, sendo tr\u00eas adultos e um pedi\u00e1trico, e mais seis leitos de monitoriza\u00e7\u00e3o, que s\u00e3o para pacientes est\u00e1veis. Todos s\u00e3o equipados com bombas de infus\u00e3o, monitores e respiradores. O novo espa\u00e7o contempla ainda uma ilha para os m\u00e9dicos fazerem as prescri\u00e7\u00f5es e os prontu\u00e1rios com mais acomoda\u00e7\u00e3o, um local para medica\u00e7\u00e3o, arm\u00e1rios para guardar materiais, piso adequado para higieniza\u00e7\u00e3o, pias para lavagem das m\u00e3os e local para expurgo\u201d, detalhou a enfermeira.<\/p>\n<p style=\"font-weight: 400;\">O diretor-geral do hospital, Cust\u00f3dio Barreto, ressaltou que o setor de emerg\u00eancia \u00e9 um espa\u00e7o que salva vidas. \u201cEssa reforma e amplia\u00e7\u00e3o eram uma necessidade que vai melhorar muito o trabalho das equipes m\u00e9dicas e de enfermagem, contribuindo para um atendimento mais eficaz aos pacientes. Essa entrega era um sonho e estamos muito felizes porque Ubatuba est\u00e1 avan\u00e7ando no cuidado na \u00e1rea da sa\u00fade. Empenho, dedica\u00e7\u00e3o e amor s\u00e3o geradores de grandes mudan\u00e7as\u201d, celebrou Barreto.<\/p>\n<p style=\"font-weight: 400;\">A obra da nova sala de Emerg\u00eancia custou R$ 300 mil e o valor foi disponibilizado pela C\u00e2mara Municipal, que economizou em 2021 e devolveu recursos para que a prefeitura investisse na Santa Casa.<\/p>\n<p style=\"font-weight: 400;\">Joaquim Vidal, interventor do hospital, destacou que a inaugura\u00e7\u00e3o \u00e9 fruto de um trabalho coletivo. \u201cEste \u00e9 o resultado da uni\u00e3o de pessoas que querem o bem do munic\u00edpio. Na parte estrutural n\u00e3o t\u00ednhamos aqui as menores condi\u00e7\u00f5es sanit\u00e1rias e de trabalho para os funcion\u00e1rios e inauguramos uma emerg\u00eancia digna de grandes cidades. A partir de agora, todos os equipamentos de sa\u00fade de Ubatuba ter\u00e3o que ter esse padr\u00e3o de qualidade\u201d, enfatizou o interventor, afirmando ainda que o hospital deve receber nos pr\u00f3ximos meses melhorias no alojamento dos funcion\u00e1rios e na entrada principal, que inclui a recep\u00e7\u00e3o.<\/p>\n<p style=\"font-weight: 400;\">A prefeita Flavia Pascoal lembrou o empenho que tem feito para melhorar o servi\u00e7o de sa\u00fade na cidade. \u201cAntes a nossa Santa Casa parecia um hospital de guerra, sem estrutura, e muitos desacreditaram que pud\u00e9ssemos melhorar. Foram muitas conquistas importantes nesses quase dois anos de mandato e com muito trabalho e suor, estamos avan\u00e7ando e tamb\u00e9m planejamos a constru\u00e7\u00e3o do novo hospital\u201d, finalizou a prefeita.<\/p>\n<p style=\"font-weight: 400;\">Tamb\u00e9m participaram da cerim\u00f4nia de inaugura\u00e7\u00e3o os vereadores Jorginho, Silvinho Brand\u00e3o, Ad\u00e3o, Osmar, J\u00fanior Jr, Edelson e Josu\u00e9 D\u2019 Menor, o secret\u00e1rio Municipal de Sa\u00fade, Josu\u00e9 Gulli, o arquiteto Flavio Pizzuto, e demais secret\u00e1rios municipais e colaboradores da Santa Casa.<\/p>\n<p style=\"font-weight: 400;\">Confira abaixo outras melhorias conquistas pela Santa Casa nos \u00faltimos meses:<\/p>\n<p style=\"font-weight: 400;\"><strong>Laborat\u00f3rio<\/strong><\/p>\n<p style=\"font-weight: 400;\">O novo laborat\u00f3rio de an\u00e1lises cl\u00ednicas conta com espa\u00e7o mais amplo e de acordo com as exig\u00eancias sanit\u00e1rias vigentes. Por m\u00eas, o laborat\u00f3rio realiza cerca de 20 mil exames com possibilidade de aumentar a demanda de acordo com as necessidades dos pacientes.<\/p>\n<p style=\"font-weight: 400;\"><strong>Arco cir\u00fargico<\/strong><\/p>\n<p style=\"font-weight: 400;\">Uma reivindica\u00e7\u00e3o antiga dos cirurgi\u00f5es foi atendida e o hospital recebeu um arco cir\u00fargico \u2013 equipamento de raio-x no qual \u00e9 poss\u00edvel produzir imagens em tempo real, agilizando os procedimentos cir\u00fargicos, diminuindo os riscos e garantindo mais efici\u00eancia nas cirurgias.<\/p>\n<p style=\"font-weight: 400;\"><strong>Gerador de energia<\/strong><\/p>\n<p style=\"font-weight: 400;\">A Santa Casa ampliou a capacidade do gerador. Antigamente, em casos de queda de energia, era poss\u00edvel abastecer somente o centro cir\u00fargico e, com o novo equipamento, todos os setores do hospital ser\u00e3o atendidos com a energia do gerador.<\/p>\n<p style=\"font-weight: 400;\"><strong>Usina de oxig\u00eanio<\/strong><\/p>\n<p style=\"font-weight: 400;\">No in\u00edcio deste ano, a Santa Casa recebeu uma nova usina de oxig\u00eanio para ampliar a autonomia de oxig\u00eanio e ar comprimido medicinal, funcionando de forma autom\u00e1tica. Tamb\u00e9m foi inaugurada a usina de backup, uma exig\u00eancia para hospitais. Se uma usina parar de funcionar, temos uma segunda para resguardar os pacientes.<\/p>\n<p style=\"font-weight: 400;\"><strong>Fornecedores<\/strong><\/p>\n<p style=\"font-weight: 400;\">Os pagamentos dos fornecedores foram colocados em dia e a medida tem atra\u00eddo novas empresas interessadas em vender para a Santa Casa, ampliando as ofertas e gerando economia nas compras de medicamentos e insumos.<\/p>\n<p style=\"font-weight: 400;\"><strong>Reformas<\/strong><\/p>\n<p style=\"font-weight: 400;\">J\u00e1 foram reformados o setor de Pediatria, Respirat\u00f3rio e Conv\u00eanios. Novas melhorias j\u00e1 est\u00e3o planejadas para os pr\u00f3ximos meses.<\/p>\n<p style=\"font-weight: 400;\"><em>Fonte: Secretaria de Comunica\u00e7\u00e3o \/ PMU<\/em><\/p>\n","protected":false},"excerpt":{"rendered":"<p>A Santa Casa de Ubatuba inaugurou a nova sala de Emerg\u00eancia do hospital ap\u00f3s a conclus\u00e3o da reforma e amplia\u00e7\u00e3o do espa\u00e7o. A entrega oficial foi realizada no \u00faltimo s\u00e1bado, dia 1\u00ba, e faz parte das comemora\u00e7\u00f5es do m\u00eas de anivers\u00e1rio de Ubatuba, que no dia 28 de outubro completar\u00e1 385 anos. Com as obras [&hellip;]<\/p>\n","protected":false},"author":26,"featured_media":8371,"comment_status":"open","ping_status":"open","sticky":false,"template":"","format":"standard","meta":{"footnotes":""},"categories":[10,14],"tags":[],"class_list":["post-8370","post","type-post","status-publish","format-standard","has-post-thumbnail","hentry","category-saude","category-ubatuba"],"aioseo_notices":[],"_links":{"self":[{"href":"https:\/\/lrm67.com\/index.php\/wp-json\/wp\/v2\/posts\/8370","targetHints":{"allow":["GET"]}}],"collection":[{"href":"https:\/\/lrm67.com\/index.php\/wp-json\/wp\/v2\/posts"}],"about":[{"href":"https:\/\/lrm67.com\/index.php\/wp-json\/wp\/v2\/types\/post"}],"author":[{"embeddable":true,"href":"https:\/\/lrm67.com\/index.php\/wp-json\/wp\/v2\/users\/26"}],"replies":[{"embeddable":true,"href":"https:\/\/lrm67.com\/index.php\/wp-json\/wp\/v2\/comments?post=8370"}],"version-history":[{"count":1,"href":"https:\/\/lrm67.com\/index.php\/wp-json\/wp\/v2\/posts\/8370\/revisions"}],"predecessor-version":[{"id":8372,"href":"https:\/\/lrm67.com\/index.php\/wp-json\/wp\/v2\/posts\/8370\/revisions\/8372"}],"wp:featuredmedia":[{"embeddable":true,"href":"https:\/\/lrm67.com\/index.php\/wp-json\/wp\/v2\/media\/8371"}],"wp:attachment":[{"href":"https:\/\/lrm67.com\/index.php\/wp-json\/wp\/v2\/media?parent=8370"}],"wp:term":[{"taxonomy":"category","embeddable":true,"href":"https:\/\/lrm67.com\/index.php\/wp-json\/wp\/v2\/categories?post=8370"},{"taxonomy":"post_tag","embeddable":true,"href":"https:\/\/lrm67.com\/index.php\/wp-json\/wp\/v2\/tags?post=8370"}],"curies":[{"name":"wp","href":"https:\/\/api.w.org\/{rel}","templated":true}]}}