{"id":7800,"date":"2022-09-15T10:00:17","date_gmt":"2022-09-15T13:00:17","guid":{"rendered":"https:\/\/lrm67.com\/?p=7800"},"modified":"2022-09-15T10:12:51","modified_gmt":"2022-09-15T13:12:51","slug":"ilhabela-tera-passeio-ciclistico-para-conscientizar-sobre-uso-da-bicicleta-e-preservacao-do-meio-ambiente","status":"publish","type":"post","link":"https:\/\/lrm67.com\/index.php\/2022\/09\/15\/ilhabela-tera-passeio-ciclistico-para-conscientizar-sobre-uso-da-bicicleta-e-preservacao-do-meio-ambiente\/","title":{"rendered":"Ilhabela ter\u00e1 Passeio Cicl\u00edstico para conscientizar sobre uso da bicicleta e preserva\u00e7\u00e3o do Meio Ambiente"},"content":{"rendered":"<p>Marcello Ver\u00edssimo<\/p>\n<p>Conscientizar sobre a import\u00e2ncia da preserva\u00e7\u00e3o ambiental em meio a um dos cen\u00e1rios de beleza natural mais bonitos do estado de S\u00e3o Paulo e do pa\u00eds: a orla de Ilhabela.<\/p>\n<p>A prefeitura do arquip\u00e9lago promove no pr\u00f3ximo dia 24 de setembro, a 8\u00aa edi\u00e7\u00e3o do Passeio Ecocicl\u00edstico. O evento acontece dentro da programa\u00e7\u00e3o do m\u00eas de anivers\u00e1rio dos 217 anos de emancipa\u00e7\u00e3o pol\u00edtico-administrativa da ilha.<\/p>\n<p>De acordo com a prefeitura, a concentra\u00e7\u00e3o do passeio est\u00e1 marcada para acontecer na Pra\u00e7a Allan Kardec, na Barra Velha, \u00e0s 8h e a sa\u00edda prevista para \u00e0s 9h. Os ciclistas participantes percorrem a avenida principal do munic\u00edpio, que \u00e9 cortada pela ciclovia Cisne Branco, at\u00e9 chegar na Pra\u00e7a Coronel Juli\u00e3o, que fica na Vila.<\/p>\n<p>O passeio \u00e9 promovido pela Prefeitura de Ilhabela por meio das secretarias municipais de Meio Ambiente e a de Esportes e Lazer. Al\u00e9m de promover a conscientiza\u00e7\u00e3o sobre a preserva\u00e7\u00e3o ambiental, o passeio ecociclistico tamb\u00e9m destaca a promo\u00e7\u00e3o da sa\u00fade e o bem estar da comunidade em geral, assim como os benef\u00edcios da utiliza\u00e7\u00e3o da bicicleta como meio de transporte alternativo.<\/p>\n","protected":false},"excerpt":{"rendered":"<p>Marcello Ver\u00edssimo Conscientizar sobre a import\u00e2ncia da preserva\u00e7\u00e3o ambiental em meio a um dos cen\u00e1rios de beleza natural mais bonitos do estado de S\u00e3o Paulo e do pa\u00eds: a orla de Ilhabela. A prefeitura do arquip\u00e9lago promove no pr\u00f3ximo dia 24 de setembro, a 8\u00aa edi\u00e7\u00e3o do Passeio Ecocicl\u00edstico. O evento acontece dentro da programa\u00e7\u00e3o [&hellip;]<\/p>\n","protected":false},"author":26,"featured_media":7801,"comment_status":"open","ping_status":"open","sticky":false,"template":"","format":"standard","meta":{"footnotes":""},"categories":[7,11,2,3,18],"tags":[],"class_list":["post-7800","post","type-post","status-publish","format-standard","has-post-thumbnail","hentry","category-destaque","category-esportes","category-geral","category-ilhabela","category-meio-ambiente"],"aioseo_notices":[],"_links":{"self":[{"href":"https:\/\/lrm67.com\/index.php\/wp-json\/wp\/v2\/posts\/7800","targetHints":{"allow":["GET"]}}],"collection":[{"href":"https:\/\/lrm67.com\/index.php\/wp-json\/wp\/v2\/posts"}],"about":[{"href":"https:\/\/lrm67.com\/index.php\/wp-json\/wp\/v2\/types\/post"}],"author":[{"embeddable":true,"href":"https:\/\/lrm67.com\/index.php\/wp-json\/wp\/v2\/users\/26"}],"replies":[{"embeddable":true,"href":"https:\/\/lrm67.com\/index.php\/wp-json\/wp\/v2\/comments?post=7800"}],"version-history":[{"count":2,"href":"https:\/\/lrm67.com\/index.php\/wp-json\/wp\/v2\/posts\/7800\/revisions"}],"predecessor-version":[{"id":7813,"href":"https:\/\/lrm67.com\/index.php\/wp-json\/wp\/v2\/posts\/7800\/revisions\/7813"}],"wp:featuredmedia":[{"embeddable":true,"href":"https:\/\/lrm67.com\/index.php\/wp-json\/wp\/v2\/media\/7801"}],"wp:attachment":[{"href":"https:\/\/lrm67.com\/index.php\/wp-json\/wp\/v2\/media?parent=7800"}],"wp:term":[{"taxonomy":"category","embeddable":true,"href":"https:\/\/lrm67.com\/index.php\/wp-json\/wp\/v2\/categories?post=7800"},{"taxonomy":"post_tag","embeddable":true,"href":"https:\/\/lrm67.com\/index.php\/wp-json\/wp\/v2\/tags?post=7800"}],"curies":[{"name":"wp","href":"https:\/\/api.w.org\/{rel}","templated":true}]}}