{"id":6788,"date":"2022-08-11T14:03:20","date_gmt":"2022-08-11T17:03:20","guid":{"rendered":"https:\/\/lrm67.com\/?p=6788"},"modified":"2022-08-11T14:03:20","modified_gmt":"2022-08-11T17:03:20","slug":"caraguatatuba-e-representada-em-evento-da-uniao-dos-vereadores-do-estado-de-sao-paulo","status":"publish","type":"post","link":"https:\/\/lrm67.com\/index.php\/2022\/08\/11\/caraguatatuba-e-representada-em-evento-da-uniao-dos-vereadores-do-estado-de-sao-paulo\/","title":{"rendered":"Caraguatatuba \u00e9 representada em evento da Uni\u00e3o dos Vereadores do Estado de S\u00e3o Paulo"},"content":{"rendered":"<p>A C\u00e2mara Municipal de Caraguatatuba est\u00e1 representada na Uni\u00e3o dos Vereadores do Estado de S\u00e3o Paulo (UVESP) com o objetivo de promover o desenvolvimento do Estado e a integra\u00e7\u00e3o das cidades por meio do efetivo trabalho do Poder Legislativo.<\/p>\n<p>A Uvesp \u00e9 uma entidade civil, de direito privado, sem fins lucrativos e possui uma s\u00e9rie de parlamentos regionais para discuss\u00e3o de temas comuns entre os munic\u00edpios.<\/p>\n<p>Caraguatatuba est\u00e1 inserida no Parlamento Regional Metropolitano do Vale do Para\u00edba, Litoral Norte, Serra da Mantiqueira e Vale Hist\u00f3rico e t\u00eam o vereador Cristian Bota como presidente da Comiss\u00e3o de Desenvolvimento Econ\u00f4mico, Emprego e Renda.<\/p>\n<p>Para o presidente da C\u00e2mara, vereador Tato Aguilar, esta representatividade \u00e9 muito importante. \u201cA nossa participa\u00e7\u00e3o na UVESP \u00e9 fundamental para o fortalecimento do Poder Legislativo Regional\u201d, frisou Tato Aguilar.<\/p>\n<p>Para o vereador Cristian Bota, as a\u00e7\u00f5es na gera\u00e7\u00e3o de emprego e renda em Caraguatatuba podem ser apresentadas como um caso de sucesso a outros munic\u00edpios. \u201cNossa cidade vem se desenvolvendo de maneira muito positiva nas quest\u00f5es de empregabilidade e se conseguirmos aumentar a integra\u00e7\u00e3o regional entre as nossas C\u00e2maras podemos trocar experi\u00eancias positivas e gerar mais oportunidades para todos\u201d, finalizou Cristian Bota.<\/p>\n","protected":false},"excerpt":{"rendered":"<p>A C\u00e2mara Municipal de Caraguatatuba est\u00e1 representada na Uni\u00e3o dos Vereadores do Estado de S\u00e3o Paulo (UVESP) com o objetivo de promover o desenvolvimento do Estado e a integra\u00e7\u00e3o das cidades por meio do efetivo trabalho do Poder Legislativo. A Uvesp \u00e9 uma entidade civil, de direito privado, sem fins lucrativos e possui uma s\u00e9rie [&hellip;]<\/p>\n","protected":false},"author":26,"featured_media":6789,"comment_status":"open","ping_status":"open","sticky":false,"template":"","format":"standard","meta":{"footnotes":""},"categories":[8,16],"tags":[],"class_list":["post-6788","post","type-post","status-publish","format-standard","has-post-thumbnail","hentry","category-caraguatatuba","category-politica"],"aioseo_notices":[],"_links":{"self":[{"href":"https:\/\/lrm67.com\/index.php\/wp-json\/wp\/v2\/posts\/6788","targetHints":{"allow":["GET"]}}],"collection":[{"href":"https:\/\/lrm67.com\/index.php\/wp-json\/wp\/v2\/posts"}],"about":[{"href":"https:\/\/lrm67.com\/index.php\/wp-json\/wp\/v2\/types\/post"}],"author":[{"embeddable":true,"href":"https:\/\/lrm67.com\/index.php\/wp-json\/wp\/v2\/users\/26"}],"replies":[{"embeddable":true,"href":"https:\/\/lrm67.com\/index.php\/wp-json\/wp\/v2\/comments?post=6788"}],"version-history":[{"count":1,"href":"https:\/\/lrm67.com\/index.php\/wp-json\/wp\/v2\/posts\/6788\/revisions"}],"predecessor-version":[{"id":6790,"href":"https:\/\/lrm67.com\/index.php\/wp-json\/wp\/v2\/posts\/6788\/revisions\/6790"}],"wp:featuredmedia":[{"embeddable":true,"href":"https:\/\/lrm67.com\/index.php\/wp-json\/wp\/v2\/media\/6789"}],"wp:attachment":[{"href":"https:\/\/lrm67.com\/index.php\/wp-json\/wp\/v2\/media?parent=6788"}],"wp:term":[{"taxonomy":"category","embeddable":true,"href":"https:\/\/lrm67.com\/index.php\/wp-json\/wp\/v2\/categories?post=6788"},{"taxonomy":"post_tag","embeddable":true,"href":"https:\/\/lrm67.com\/index.php\/wp-json\/wp\/v2\/tags?post=6788"}],"curies":[{"name":"wp","href":"https:\/\/api.w.org\/{rel}","templated":true}]}}