{"id":6785,"date":"2022-08-11T13:54:37","date_gmt":"2022-08-11T16:54:37","guid":{"rendered":"https:\/\/lrm67.com\/?p=6785"},"modified":"2022-08-11T13:54:37","modified_gmt":"2022-08-11T16:54:37","slug":"comissao-de-assuntos-relevantes-ouve-a-populacao-em-forum-de-saude-animal","status":"publish","type":"post","link":"https:\/\/lrm67.com\/index.php\/2022\/08\/11\/comissao-de-assuntos-relevantes-ouve-a-populacao-em-forum-de-saude-animal\/","title":{"rendered":"Comiss\u00e3o de Assuntos Relevantes ouve a popula\u00e7\u00e3o em F\u00f3rum de Sa\u00fade Animal"},"content":{"rendered":"<p>Os integrantes da Comiss\u00e3o de Assuntos Relevantes (CAR) da C\u00e2mara Municipal de Caraguatatuba que trata da Sa\u00fade Animal participaram do 1\u00ba F\u00f3rum da Causa Animal, realizado na tarde de s\u00e1bado(6) no Teatro Municipal Mario Covas.<\/p>\n<p>O presidente da comiss\u00e3o, vereador Marcos Kinkas, conduziu a segunda parte dos trabalhos e ouviu os anseios da popula\u00e7\u00e3o em rela\u00e7\u00e3o a pol\u00edticas p\u00fablicas voltadas para o atendimento da popula\u00e7\u00e3o animal em Caraguatatuba.<\/p>\n<p>\u201cHoje estamos aqui em um primeiro encontro para avan\u00e7armos cada vez mais nas pol\u00edticas p\u00fablicas voltadas para a sa\u00fade animal, porque entendemos que este \u00e9 um tema de bastante relev\u00e2ncia para Caraguatatuba. S\u00f3 tenho a agradecer a todos que participaram deste encontro e puderam, de uma forma ou de outra, contribuir com o tema\u201d, destacou o vereador Marcos Kinkas.<\/p>\n<p>O presidente da C\u00e2mara, vereador Tato Aguilar, tamb\u00e9m participou do evento e destacou a import\u00e2ncia da CAR. \u201cAcredito muito no trabalho da Comiss\u00e3o presidida pelo vereador Marcos Kinkas e entendo que este \u00e9 um importante tema a ser debatido para que possamos avan\u00e7ar em pol\u00edticas p\u00fablicas voltadas para a sa\u00fade animal em nossa cidade\u201d, refor\u00e7ou Tato Aguilar.<\/p>\n<p>A comiss\u00e3o, criada em fevereiro de 2022, conta ainda com a participa\u00e7\u00e3o dos vereadores Islando Ramos, o Bigode, como relator e o vereador Gil Oliveira como membro.<\/p>\n","protected":false},"excerpt":{"rendered":"<p>Os integrantes da Comiss\u00e3o de Assuntos Relevantes (CAR) da C\u00e2mara Municipal de Caraguatatuba que trata da Sa\u00fade Animal participaram do 1\u00ba F\u00f3rum da Causa Animal, realizado na tarde de s\u00e1bado(6) no Teatro Municipal Mario Covas. O presidente da comiss\u00e3o, vereador Marcos Kinkas, conduziu a segunda parte dos trabalhos e ouviu os anseios da popula\u00e7\u00e3o em [&hellip;]<\/p>\n","protected":false},"author":26,"featured_media":6786,"comment_status":"open","ping_status":"open","sticky":false,"template":"","format":"standard","meta":{"footnotes":""},"categories":[8,16],"tags":[],"class_list":["post-6785","post","type-post","status-publish","format-standard","has-post-thumbnail","hentry","category-caraguatatuba","category-politica"],"aioseo_notices":[],"_links":{"self":[{"href":"https:\/\/lrm67.com\/index.php\/wp-json\/wp\/v2\/posts\/6785","targetHints":{"allow":["GET"]}}],"collection":[{"href":"https:\/\/lrm67.com\/index.php\/wp-json\/wp\/v2\/posts"}],"about":[{"href":"https:\/\/lrm67.com\/index.php\/wp-json\/wp\/v2\/types\/post"}],"author":[{"embeddable":true,"href":"https:\/\/lrm67.com\/index.php\/wp-json\/wp\/v2\/users\/26"}],"replies":[{"embeddable":true,"href":"https:\/\/lrm67.com\/index.php\/wp-json\/wp\/v2\/comments?post=6785"}],"version-history":[{"count":1,"href":"https:\/\/lrm67.com\/index.php\/wp-json\/wp\/v2\/posts\/6785\/revisions"}],"predecessor-version":[{"id":6787,"href":"https:\/\/lrm67.com\/index.php\/wp-json\/wp\/v2\/posts\/6785\/revisions\/6787"}],"wp:featuredmedia":[{"embeddable":true,"href":"https:\/\/lrm67.com\/index.php\/wp-json\/wp\/v2\/media\/6786"}],"wp:attachment":[{"href":"https:\/\/lrm67.com\/index.php\/wp-json\/wp\/v2\/media?parent=6785"}],"wp:term":[{"taxonomy":"category","embeddable":true,"href":"https:\/\/lrm67.com\/index.php\/wp-json\/wp\/v2\/categories?post=6785"},{"taxonomy":"post_tag","embeddable":true,"href":"https:\/\/lrm67.com\/index.php\/wp-json\/wp\/v2\/tags?post=6785"}],"curies":[{"name":"wp","href":"https:\/\/api.w.org\/{rel}","templated":true}]}}