{"id":6778,"date":"2022-08-11T12:41:59","date_gmt":"2022-08-11T15:41:59","guid":{"rendered":"https:\/\/lrm67.com\/?p=6778"},"modified":"2022-08-12T15:00:48","modified_gmt":"2022-08-12T18:00:48","slug":"apos-reuniao-ibama-rea-suspensao-de-licenca-operacional-do-porto-de-sao-sebastiao","status":"publish","type":"post","link":"https:\/\/lrm67.com\/index.php\/2022\/08\/11\/apos-reuniao-ibama-rea-suspensao-de-licenca-operacional-do-porto-de-sao-sebastiao\/","title":{"rendered":"Ap\u00f3s reuni\u00e3o, Ibama revoga suspens\u00e3o de licen\u00e7a operacional do Porto de S\u00e3o Sebasti\u00e3o"},"content":{"rendered":"<p>Marcello Ver\u00edssimo<br \/>\nAp\u00f3s reuni\u00e3o na manh\u00e3 desta quinta-feira (11), em Caraguatatuba, a Cia Docas de S\u00e3o Sebasti\u00e3o e o Ibama (Instituto Brasileiro do Meio Ambiente e dos Recursos Renov\u00e1veis) chegaram a um acordo sobre o funcionamento do Porto.<\/p>\n<p>De acordo com a Minuta de Decis\u00e3o, assinada pelo superintendente do Ibama no Estado de S\u00e3o Paulo, Davi de Sousa Silva, a qual a reportagem do JDL obteve acesso, ainda deve ser realizada uma nova vistoria t\u00e9cnica no porto para que seja confirmada &#8220;as condi\u00e7\u00f5es de opera\u00e7\u00e3o do empreendimento&#8221; nos moldes da Licen\u00e7a Ambiental 1580\/2020.<\/p>\n<p>Com o comprometimento da Cia Docas em resolver as irregularidades apontadas pelo Ibama, a suspens\u00e3o foi revogada, conforme diz a minuta. Para os trabalhadores, o momento \u00e9 de expectativa em voltar ao trabalho nesta sexta-feira (12). &#8220;Acreditamos que sim, mas ainda dependemos de uma resposta oficial da companhia&#8221;.<\/p>\n<p>At\u00e9 o in\u00edcio de tarde desta sexta-feira, a Cia Docas de S\u00e3o Sebasti\u00e3o n\u00e3o comentou o assunto.<\/p>\n<p><img fetchpriority=\"high\" decoding=\"async\" class=\"alignnone size-full wp-image-6780\" src=\"https:\/\/lrm67.com\/wp-content\/uploads\/2022\/08\/51bfb6a2-0890-4430-9416-4c4d77eef318.jpg\" alt=\"\" width=\"964\" height=\"1280\" srcset=\"https:\/\/lrm67.com\/wp-content\/uploads\/2022\/08\/51bfb6a2-0890-4430-9416-4c4d77eef318.jpg 964w, https:\/\/lrm67.com\/wp-content\/uploads\/2022\/08\/51bfb6a2-0890-4430-9416-4c4d77eef318-226x300.jpg 226w, https:\/\/lrm67.com\/wp-content\/uploads\/2022\/08\/51bfb6a2-0890-4430-9416-4c4d77eef318-771x1024.jpg 771w, https:\/\/lrm67.com\/wp-content\/uploads\/2022\/08\/51bfb6a2-0890-4430-9416-4c4d77eef318-768x1020.jpg 768w\" sizes=\"(max-width: 964px) 100vw, 964px\" \/><\/p>\n","protected":false},"excerpt":{"rendered":"<p>Marcello Ver\u00edssimo Ap\u00f3s reuni\u00e3o na manh\u00e3 desta quinta-feira (11), em Caraguatatuba, a Cia Docas de S\u00e3o Sebasti\u00e3o e o Ibama (Instituto Brasileiro do Meio Ambiente e dos Recursos Renov\u00e1veis) chegaram a um acordo sobre o funcionamento do Porto. De acordo com a Minuta de Decis\u00e3o, assinada pelo superintendente do Ibama no Estado de S\u00e3o Paulo, [&hellip;]<\/p>\n","protected":false},"author":26,"featured_media":6783,"comment_status":"open","ping_status":"open","sticky":false,"template":"","format":"standard","meta":{"footnotes":""},"categories":[7,2,13],"tags":[],"class_list":["post-6778","post","type-post","status-publish","format-standard","has-post-thumbnail","hentry","category-destaque","category-geral","category-sao-sebastiao"],"aioseo_notices":[],"_links":{"self":[{"href":"https:\/\/lrm67.com\/index.php\/wp-json\/wp\/v2\/posts\/6778","targetHints":{"allow":["GET"]}}],"collection":[{"href":"https:\/\/lrm67.com\/index.php\/wp-json\/wp\/v2\/posts"}],"about":[{"href":"https:\/\/lrm67.com\/index.php\/wp-json\/wp\/v2\/types\/post"}],"author":[{"embeddable":true,"href":"https:\/\/lrm67.com\/index.php\/wp-json\/wp\/v2\/users\/26"}],"replies":[{"embeddable":true,"href":"https:\/\/lrm67.com\/index.php\/wp-json\/wp\/v2\/comments?post=6778"}],"version-history":[{"count":2,"href":"https:\/\/lrm67.com\/index.php\/wp-json\/wp\/v2\/posts\/6778\/revisions"}],"predecessor-version":[{"id":6784,"href":"https:\/\/lrm67.com\/index.php\/wp-json\/wp\/v2\/posts\/6778\/revisions\/6784"}],"wp:featuredmedia":[{"embeddable":true,"href":"https:\/\/lrm67.com\/index.php\/wp-json\/wp\/v2\/media\/6783"}],"wp:attachment":[{"href":"https:\/\/lrm67.com\/index.php\/wp-json\/wp\/v2\/media?parent=6778"}],"wp:term":[{"taxonomy":"category","embeddable":true,"href":"https:\/\/lrm67.com\/index.php\/wp-json\/wp\/v2\/categories?post=6778"},{"taxonomy":"post_tag","embeddable":true,"href":"https:\/\/lrm67.com\/index.php\/wp-json\/wp\/v2\/tags?post=6778"}],"curies":[{"name":"wp","href":"https:\/\/api.w.org\/{rel}","templated":true}]}}