{"id":6754,"date":"2022-08-11T08:40:59","date_gmt":"2022-08-11T11:40:59","guid":{"rendered":"https:\/\/lrm67.com\/?p=6754"},"modified":"2022-08-11T08:41:07","modified_gmt":"2022-08-11T11:41:07","slug":"mantida-sob-sigilo-deco-do-ibama-em-suspender-licenca-do-porto-de-sao-sebastiao-pode-ser-definida-hoje","status":"publish","type":"post","link":"https:\/\/lrm67.com\/index.php\/2022\/08\/11\/mantida-sob-sigilo-deco-do-ibama-em-suspender-licenca-do-porto-de-sao-sebastiao-pode-ser-definida-hoje\/","title":{"rendered":"Mantida sob sigilo, decis\u00e3o do Ibama em suspender licen\u00e7a do Porto de S\u00e3o Sebasti\u00e3o pode ser definida hoje"},"content":{"rendered":"<p>Marcello Ver\u00edssimo<\/p>\n<p>A decis\u00e3o do Ibama (Instituto Brasileiro do Meio Ambiente e dos Recursos Naturais Renov\u00e1veis) de suspender as opera\u00e7\u00f5es no Porto de S\u00e3o Sebasti\u00e3o, nesta segunda-feira (8), foi mantida em sigilo pelas autoridades. De acordo com o Ibama, existiriam &#8220;irregularidades&#8221; que precisam ser resolvidas no porto.<\/p>\n<p>O Ibama n\u00e3o diz quais s\u00e3o essas irregularidades e nem quais penalidades, ou detalhes sobre o que levou \u00e0 interdi\u00e7\u00e3o. A reportagem do JDL procurou o \u00f3rg\u00e3o para saber detalhes da decis\u00e3o, mas n\u00e3o obteve resposta.<\/p>\n<p>O que se sabe at\u00e9 agora \u00e9 que a opera\u00e7\u00e3o est\u00e1 proibida para a atraca\u00e7\u00e3o de navios, opera\u00e7\u00f5es e movimenta\u00e7\u00f5es log\u00edsticas com caminh\u00f5es e guindastes.<\/p>\n<p>A Cia Dicas de S\u00e3o Sebasti\u00e3o divulgou uma nota \u00e0 imprensa em que diz estar em &#8220;tratativas com o Ibama e vem adotando todas as medidas necess\u00e1rias a fim de atender as exig\u00eancias do \u00f3rg\u00e3o e restabelecer os servi\u00e7os de forma integral para restabelecer os servi\u00e7os de forma plena&#8221;.<\/p>\n<p>A reportagem do JDL conversou com trabalhadores do Porto de S\u00e3o Sebasti\u00e3o nesta quarta-feira (10) que s\u00f3 concordaram em conceder entrevista sob anonimato. Eles disseram que a decis\u00e3o do Ibama foi motivada pelo n\u00e3o cumprimento de &#8220;condicionantes do setor ambiental&#8221;. &#8220;A\u00e7\u00f5es que sempre foram tomadas pela Cia Docas, mas que infelizmente de muitos avisos, multas e of\u00edcios o Ibama resolveu suspender a licen\u00e7a operacional do Porto&#8221;.<\/p>\n<p>Na pr\u00e1tica, a decis\u00e3o do Ibama impede que opera\u00e7\u00f5es como o embarque e desembarque de mercadorias, por exemplo, sejam realizadas no cais do Porto. &#8220;N\u00e3o movimenta 1 quilo de carne&#8221;, disseram os trabalhadores.<\/p>\n<p>Ainda segundo o comunicado oficial da Cia Docas, nos pr\u00f3ximos dias, o secret\u00e1rio estadual de Log\u00edstica e Transportes, Jo\u00e3o Octaviano Neto, ir\u00e1 se reunir com representantes do Ibama para avan\u00e7ar nas negocia\u00e7\u00f5es. Para os trabalhadores, essa reuni\u00e3o deve acontecer nesta quinta-feira (11). &#8220;Foi um susto. Esperamos que at\u00e9 sexta possamos voltar ao trabalho&#8221;.<\/p>\n<p>Os trabalhadores ainda lembram que, apesar do susto, e de ser uma &#8220;situa\u00e7\u00e3o muito delicada&#8221; o Porto de S\u00e3o Sebasti\u00e3o n\u00e3o \u00e9 o \u00fanico do pa\u00eds que passa por este tipo de crise. Citam como exemplo o Porto de Itagua\u00ed, no Rio de Janeiro, que tamb\u00e9m j\u00e1 teve sua licen\u00e7a operacional suspensa.<\/p>\n","protected":false},"excerpt":{"rendered":"<p>Marcello Ver\u00edssimo A decis\u00e3o do Ibama (Instituto Brasileiro do Meio Ambiente e dos Recursos Naturais Renov\u00e1veis) de suspender as opera\u00e7\u00f5es no Porto de S\u00e3o Sebasti\u00e3o, nesta segunda-feira (8), foi mantida em sigilo pelas autoridades. De acordo com o Ibama, existiriam &#8220;irregularidades&#8221; que precisam ser resolvidas no porto. O Ibama n\u00e3o diz quais s\u00e3o essas irregularidades [&hellip;]<\/p>\n","protected":false},"author":26,"featured_media":6755,"comment_status":"open","ping_status":"open","sticky":false,"template":"","format":"standard","meta":{"footnotes":""},"categories":[7,2,13],"tags":[],"class_list":["post-6754","post","type-post","status-publish","format-standard","has-post-thumbnail","hentry","category-destaque","category-geral","category-sao-sebastiao"],"aioseo_notices":[],"_links":{"self":[{"href":"https:\/\/lrm67.com\/index.php\/wp-json\/wp\/v2\/posts\/6754","targetHints":{"allow":["GET"]}}],"collection":[{"href":"https:\/\/lrm67.com\/index.php\/wp-json\/wp\/v2\/posts"}],"about":[{"href":"https:\/\/lrm67.com\/index.php\/wp-json\/wp\/v2\/types\/post"}],"author":[{"embeddable":true,"href":"https:\/\/lrm67.com\/index.php\/wp-json\/wp\/v2\/users\/26"}],"replies":[{"embeddable":true,"href":"https:\/\/lrm67.com\/index.php\/wp-json\/wp\/v2\/comments?post=6754"}],"version-history":[{"count":1,"href":"https:\/\/lrm67.com\/index.php\/wp-json\/wp\/v2\/posts\/6754\/revisions"}],"predecessor-version":[{"id":6756,"href":"https:\/\/lrm67.com\/index.php\/wp-json\/wp\/v2\/posts\/6754\/revisions\/6756"}],"wp:featuredmedia":[{"embeddable":true,"href":"https:\/\/lrm67.com\/index.php\/wp-json\/wp\/v2\/media\/6755"}],"wp:attachment":[{"href":"https:\/\/lrm67.com\/index.php\/wp-json\/wp\/v2\/media?parent=6754"}],"wp:term":[{"taxonomy":"category","embeddable":true,"href":"https:\/\/lrm67.com\/index.php\/wp-json\/wp\/v2\/categories?post=6754"},{"taxonomy":"post_tag","embeddable":true,"href":"https:\/\/lrm67.com\/index.php\/wp-json\/wp\/v2\/tags?post=6754"}],"curies":[{"name":"wp","href":"https:\/\/api.w.org\/{rel}","templated":true}]}}