{"id":6751,"date":"2022-08-11T08:25:03","date_gmt":"2022-08-11T11:25:03","guid":{"rendered":"https:\/\/lrm67.com\/?p=6751"},"modified":"2022-08-11T08:25:03","modified_gmt":"2022-08-11T11:25:03","slug":"diocese-de-caraguatatuba-cbra-dia-do-diacono-com-missas-em-honra-a-este-importante-servo-de-deus","status":"publish","type":"post","link":"https:\/\/lrm67.com\/index.php\/2022\/08\/11\/diocese-de-caraguatatuba-cbra-dia-do-diacono-com-missas-em-honra-a-este-importante-servo-de-deus\/","title":{"rendered":"Diocese de Caraguatatuba celebra &#8220;Dia do Di\u00e1cono&#8221; com missas em honra a este importante servo de Deus"},"content":{"rendered":"<p>Marcello Ver\u00edssimo<\/p>\n<p>A Diocese de Caraguatatuba celebra durante esta semana uma das figuras mais importantes da Igreja Cat\u00f3lica. O Dia do Di\u00e1cono cat\u00f3lico foi lembrado nesta quarta-feira (10). No in\u00edcio da semana, nesta segunda (8), foi realizada uma missa solene de A\u00e7\u00e3o de Gra\u00e7as a S\u00e3o Louren\u00e7o, di\u00e1cono e m\u00e1rtir crist\u00e3o, na Catedral Divino Esp\u00edrito Santo, no Indai\u00e1.<\/p>\n<p>Durante a celebra\u00e7\u00e3o religiosa, para marcar a data, foram empossados os novos integrantes da diretoria dos Di\u00e1conos do Litoral Norte, que \u00e9 formada pelo presidente, Paulo Alexandre, vice-presidente, Isa\u00edas Amorim, secret\u00e1rio, Wagner Andriotti, 2\u00b0 secret\u00e1rio, Edemir Rodrigues (Puck), tesoureiro, Edson Alamino, 2\u00b0 tesoureiro, Daniel Pereira, e os conselheiros fiscais, Ditinho, Pereira e S\u00edlvio.<\/p>\n<p>A Diocese de Caraguatatuba informou que conta com 17 di\u00e1conos permanentes. Mas no pr\u00f3ximo dia 21 de agosto este grupo vai aumentar com a ordena\u00e7\u00e3o de Manoel Jos\u00e9 dos Santos, que acontecer\u00e1 na Par\u00f3quia Nossa Senhora da Gl\u00f3ria, no Travess\u00e3o, durante a missa em honra da padroeira.<\/p>\n<p>Nesta segunda-feira (8), a missa pelo Dia do Di\u00e1cono foi presidida pelo Bispo Dom Jos\u00e9 Carlos Chacorowski, da Diocese de Caragu\u00e1, e concelebrada pelos seguintes padres presentes: Vladimir Ferreira, presb\u00edtero assessor dos Di\u00e1conos, Alessandro Coelho, p\u00e1roco de S\u00e3o Sebasti\u00e3o, e o padre Mois\u00e9s do Nascimento, que foi acolhido como novo Vig\u00e1rio da Catedral, al\u00e9m do padre Carlos Lemos, e o Diretor da Escola Diaconal S\u00e3o Jos\u00e9 de Anchieta, Altair dos Santos.<\/p>\n<p>Nesta ter\u00e7a-feira (9) 12 di\u00e1conos celebraram tr\u00eas anos de ordena\u00e7\u00e3o. S\u00e3o eles: Ant\u00f4nio Roberto Filho, Ary Pirani, Carlos Jos\u00e9 da Silva, Daniel Pereira, Edson Alamino, Edemir Rodrigues, Manoel Messias, Paulo Alexandre, Silvio Cruz, Wagner Andriotti, Waldir Duarte e Wilmarinho Lares.<\/p>\n<p>De acordo com a Igreja Cat\u00f3lica, di\u00e1cono \u00e9 uma voca\u00e7\u00e3o ministerial para o servi\u00e7o, ou seja, pela doutrina crist\u00e3 trata-se de um &#8220;servo de Deus&#8221;, que espalha a sua palavra ajudando a construir o seu reino junto aos fi\u00e9is na terra, de acordo com as necessidades da igreja. O termo di\u00e1cono vem do grego diakonos, que significa atendente ou servente.<\/p>\n<p>Tamb\u00e9m h\u00e1 registros que a palavra teve origem da Diaconia, que significa minist\u00e9rio, servi\u00e7o. A Igreja explica que esse minist\u00e9rio tem tr\u00eas dimens\u00f5es: o servi\u00e7o da Palavra de Deus, o servi\u00e7o da Caridade e o servi\u00e7o da Liturgia.<\/p>\n<p>Hist\u00f3ria &#8211; O Conc\u00edlio de Trento, no s\u00e9culo 16, pediu a restaura\u00e7\u00e3o do diaconato, mas isso n\u00e3o aconteceu. No s\u00e9culo 20, com o Conc\u00edlio do Vaticano II, a igreja consegue restaur\u00e1-lo. Portanto, segundo a igreja, at\u00e9 certo ponto a voca\u00e7\u00e3o diaconal \u00e9 uma &#8220;novidade&#8221;, e muitas dioceses, par\u00f3quias e comunidades est\u00e3o crescendo no conhecimento do seu significado e miss\u00e3o. &#8220;Na b\u00edblia, existe o papel do di\u00e1cono para ajudar a servir os mais pobres, por um per\u00edodo da igreja ficou sem as ordena\u00e7\u00f5es diaconais, recuperado no Conc\u00edlio Vaticano II h\u00e1 60 anos&#8221;. &#8220;\u00c9 um chamado que o p\u00e1roco faz aos homens casados, de reta inten\u00e7\u00e3o, que esteja de comum acordo com a esposa, que tem que concordar com a decis\u00e3o, com a resposta que o esposa dar\u00e1 a este chamado&#8221;, explica o padre Alessandro Coelho, p\u00e1roco de S\u00e3o Sebasti\u00e3o, sobre a import\u00e2ncia do Di\u00e1cono para a igreja.<\/p>\n<p>O di\u00e1cono tem uma s\u00e9rie de fun\u00e7\u00f5es importantes na doutrina crist\u00e3, sendo ele que proclama o evangelho durante as missas, ajuda a servir o altar, celebram batismos, casamentos, visita aos doentes, e tamb\u00e9m ficam respons\u00e1veis pela caridade na par\u00f3quia. &#8220;Cada par\u00f3quia pode contar com eles em alguma pastoral e a pr\u00f3pria anima\u00e7\u00e3o das comunidades. Para nossa par\u00f3quia \u00e9 uma alegria muito grande, temos tr\u00eas di\u00e1conos, e tem sido uma experi\u00eancia muito significativa da Diocese contar com esses homens e suas fam\u00edlias servindo a igreja, fazendo parte do sacramento da ordem em seu primeiro grau&#8221;.<\/p>\n","protected":false},"excerpt":{"rendered":"<p>Marcello Ver\u00edssimo A Diocese de Caraguatatuba celebra durante esta semana uma das figuras mais importantes da Igreja Cat\u00f3lica. O Dia do Di\u00e1cono cat\u00f3lico foi lembrado nesta quarta-feira (10). No in\u00edcio da semana, nesta segunda (8), foi realizada uma missa solene de A\u00e7\u00e3o de Gra\u00e7as a S\u00e3o Louren\u00e7o, di\u00e1cono e m\u00e1rtir crist\u00e3o, na Catedral Divino Esp\u00edrito [&hellip;]<\/p>\n","protected":false},"author":26,"featured_media":6752,"comment_status":"open","ping_status":"open","sticky":false,"template":"","format":"standard","meta":{"footnotes":""},"categories":[8,7,2],"tags":[],"class_list":["post-6751","post","type-post","status-publish","format-standard","has-post-thumbnail","hentry","category-caraguatatuba","category-destaque","category-geral"],"aioseo_notices":[],"_links":{"self":[{"href":"https:\/\/lrm67.com\/index.php\/wp-json\/wp\/v2\/posts\/6751","targetHints":{"allow":["GET"]}}],"collection":[{"href":"https:\/\/lrm67.com\/index.php\/wp-json\/wp\/v2\/posts"}],"about":[{"href":"https:\/\/lrm67.com\/index.php\/wp-json\/wp\/v2\/types\/post"}],"author":[{"embeddable":true,"href":"https:\/\/lrm67.com\/index.php\/wp-json\/wp\/v2\/users\/26"}],"replies":[{"embeddable":true,"href":"https:\/\/lrm67.com\/index.php\/wp-json\/wp\/v2\/comments?post=6751"}],"version-history":[{"count":1,"href":"https:\/\/lrm67.com\/index.php\/wp-json\/wp\/v2\/posts\/6751\/revisions"}],"predecessor-version":[{"id":6753,"href":"https:\/\/lrm67.com\/index.php\/wp-json\/wp\/v2\/posts\/6751\/revisions\/6753"}],"wp:featuredmedia":[{"embeddable":true,"href":"https:\/\/lrm67.com\/index.php\/wp-json\/wp\/v2\/media\/6752"}],"wp:attachment":[{"href":"https:\/\/lrm67.com\/index.php\/wp-json\/wp\/v2\/media?parent=6751"}],"wp:term":[{"taxonomy":"category","embeddable":true,"href":"https:\/\/lrm67.com\/index.php\/wp-json\/wp\/v2\/categories?post=6751"},{"taxonomy":"post_tag","embeddable":true,"href":"https:\/\/lrm67.com\/index.php\/wp-json\/wp\/v2\/tags?post=6751"}],"curies":[{"name":"wp","href":"https:\/\/api.w.org\/{rel}","templated":true}]}}