{"id":6730,"date":"2022-08-10T12:21:03","date_gmt":"2022-08-10T15:21:03","guid":{"rendered":"https:\/\/lrm67.com\/?p=6730"},"modified":"2022-08-10T12:21:03","modified_gmt":"2022-08-10T15:21:03","slug":"inscricoes-abertas-para-mostra-iv-saberes-artesanais-do-litoral-norte","status":"publish","type":"post","link":"https:\/\/lrm67.com\/index.php\/2022\/08\/10\/inscricoes-abertas-para-mostra-iv-saberes-artesanais-do-litoral-norte\/","title":{"rendered":"Inscri\u00e7\u00f5es abertas para Mostra IV Saberes Artesanais do Litoral Norte"},"content":{"rendered":"<p>Est\u00e3o abertas as inscri\u00e7\u00f5es para a Mostra IV Saberes Artesanais do Litoral Norte. Artes\u00e3os de Ubatuba, Caraguatatuba, Ilhabela e S\u00e3o Sebasti\u00e3o interessados em realizar o credenciamento para expor seus trabalhos, t\u00eam at\u00e9 o dia 24 de agosto para cadastrarem-se pelo formul\u00e1rio online dispon\u00edvel pelo linktree: <a href=\"https:\/\/linktr.ee\/saberesartesanais\">https:\/\/linktr.ee\/saberesartesanais<\/a>.<\/p>\n<p>A mostra ocorrer\u00e1 de 2 a 25 de setembro, no Sal\u00e3o de Exposi\u00e7\u00e3o do Teatro Municipal de Ubatuba, e faz parte das a\u00e7\u00f5es do IV Saberes Artesanais. Com tr\u00eas categorias: Acess\u00f3rios, Utilit\u00e1rios, Decorativos e Tradicionais, a mostra contar\u00e1 com premia\u00e7\u00f5es aos tr\u00eas primeiros colocados de cada modalidade.<\/p>\n<p>O IV Saberes Artesanais contar\u00e1 ainda com uma a\u00e7\u00e3o presencial no dia 22 de setembro. Em sua programa\u00e7\u00e3o: Mesa de Debates, com tema: \u2018Artesanato e Territ\u00f3rios &#8211; o manejo das mat\u00e9rias primas e leis ambientais\u2019; Viv\u00eancia com Mestre Artes\u00e3o; Apresenta\u00e7\u00e3o Musical e Oficina, al\u00e9m de uma grande exposi\u00e7\u00e3o e a venda de artefatos produzidos por artes\u00e3os de norte a sul do Litoral Norte.<\/p>\n<p><strong>\u00a0<\/strong><strong>Sobre o Saberes Artesanais<\/strong><\/p>\n<p>H\u00e1 quatro anos, o projeto cultural Saberes Artesanais vem realizando trabalhos de pesquisa e registro dos artefatos e seus artistas, nas comunidades tradicionais cai\u00e7aras, quilombolas e dos povos origin\u00e1rios, al\u00e9m de artes\u00e3os que trabalham mesclando saberes com a contemporaneidade.<\/p>\n<p>O projeto busca reafirmar a import\u00e2ncia do resgate e da manuten\u00e7\u00e3o das tradi\u00e7\u00f5es e o quanto os objetos confeccionados pelas m\u00e3os desses artes\u00e3os s\u00e3o carregados de identidade e de hist\u00f3ria.<\/p>\n<p>Tem ainda como objetivo coordenar e desenvolver atividades que visem valorizar o artes\u00e3o do Litoral Norte, elevando o seu n\u00edvel cultural, profissional, social e econ\u00f4mico, promovendo a empresa artesanal, no entendimento de que a mesma \u00e9 empreendedorismo, e sinalizando que a utiliza\u00e7\u00e3o do saber tradicional manual est\u00e1 desencadeando o design contempor\u00e2neo.<\/p>\n<p><strong>\u00a0<\/strong><strong>Servi\u00e7o<\/strong><\/p>\n<p><strong>Inscri\u00e7\u00f5es at\u00e9 24 de agosto, pelo formul\u00e1rio online dispon\u00edvel no link:<\/strong> <a href=\"https:\/\/linktr.ee\/saberesartesanais\">https:\/\/linktr.ee\/saberesartesanais<\/a>.<\/p>\n<p><strong>Mais informa\u00e7\u00f5es:<\/strong> <a href=\"http:\/\/www.saberesartesanais.com.br\">www.saberesartesanais.com.br<\/a><\/p>\n<p><strong>Redes sociais:<\/strong> @saberesartesanais<\/p>\n<p>&nbsp;<\/p>\n","protected":false},"excerpt":{"rendered":"<p>Est\u00e3o abertas as inscri\u00e7\u00f5es para a Mostra IV Saberes Artesanais do Litoral Norte. Artes\u00e3os de Ubatuba, Caraguatatuba, Ilhabela e S\u00e3o Sebasti\u00e3o interessados em realizar o credenciamento para expor seus trabalhos, t\u00eam at\u00e9 o dia 24 de agosto para cadastrarem-se pelo formul\u00e1rio online dispon\u00edvel pelo linktree: https:\/\/linktr.ee\/saberesartesanais. A mostra ocorrer\u00e1 de 2 a 25 de setembro, [&hellip;]<\/p>\n","protected":false},"author":26,"featured_media":6731,"comment_status":"open","ping_status":"open","sticky":false,"template":"","format":"standard","meta":{"footnotes":""},"categories":[8,30,12],"tags":[],"class_list":["post-6730","post","type-post","status-publish","format-standard","has-post-thumbnail","hentry","category-caraguatatuba","category-cultura","category-eventos"],"aioseo_notices":[],"_links":{"self":[{"href":"https:\/\/lrm67.com\/index.php\/wp-json\/wp\/v2\/posts\/6730","targetHints":{"allow":["GET"]}}],"collection":[{"href":"https:\/\/lrm67.com\/index.php\/wp-json\/wp\/v2\/posts"}],"about":[{"href":"https:\/\/lrm67.com\/index.php\/wp-json\/wp\/v2\/types\/post"}],"author":[{"embeddable":true,"href":"https:\/\/lrm67.com\/index.php\/wp-json\/wp\/v2\/users\/26"}],"replies":[{"embeddable":true,"href":"https:\/\/lrm67.com\/index.php\/wp-json\/wp\/v2\/comments?post=6730"}],"version-history":[{"count":1,"href":"https:\/\/lrm67.com\/index.php\/wp-json\/wp\/v2\/posts\/6730\/revisions"}],"predecessor-version":[{"id":6732,"href":"https:\/\/lrm67.com\/index.php\/wp-json\/wp\/v2\/posts\/6730\/revisions\/6732"}],"wp:featuredmedia":[{"embeddable":true,"href":"https:\/\/lrm67.com\/index.php\/wp-json\/wp\/v2\/media\/6731"}],"wp:attachment":[{"href":"https:\/\/lrm67.com\/index.php\/wp-json\/wp\/v2\/media?parent=6730"}],"wp:term":[{"taxonomy":"category","embeddable":true,"href":"https:\/\/lrm67.com\/index.php\/wp-json\/wp\/v2\/categories?post=6730"},{"taxonomy":"post_tag","embeddable":true,"href":"https:\/\/lrm67.com\/index.php\/wp-json\/wp\/v2\/tags?post=6730"}],"curies":[{"name":"wp","href":"https:\/\/api.w.org\/{rel}","templated":true}]}}