{"id":6727,"date":"2022-08-10T12:16:47","date_gmt":"2022-08-10T15:16:47","guid":{"rendered":"https:\/\/lrm67.com\/?p=6727"},"modified":"2022-08-10T12:16:47","modified_gmt":"2022-08-10T15:16:47","slug":"festival-de-artes-marciais-e-neste-sabado-no-cemug-em-caraguatatuba","status":"publish","type":"post","link":"https:\/\/lrm67.com\/index.php\/2022\/08\/10\/festival-de-artes-marciais-e-neste-sabado-no-cemug-em-caraguatatuba\/","title":{"rendered":"Festival de Artes Marciais \u00e9 neste s\u00e1bado no Cemug, em Caraguatatuba"},"content":{"rendered":"<p>A Prefeitura de Caraguatatuba, por meio da Secretaria de Esportes e Recrea\u00e7\u00e3o, realiza no dia 13 de agosto (s\u00e1bado), no Centro Esportivo Municipal Ubaldo Gon\u00e7alves (Cemug), o Festival de Artes Marciais 2022.<\/p>\n<p>A competi\u00e7\u00e3o tem previs\u00e3o para iniciar \u00e0s 8h com desfile de abertura e deve reunir cerca de 2 mil atletas, todos inscritos no projeto \u2018Nova Onda \u2013 Caragu\u00e1\u2019, oferecido pela Prefeitura de Caraguatatuba.<\/p>\n<p>\u201cEm todos os anos realizamos esse festival, que promove a pr\u00e1tica esportiva e estimula as crian\u00e7as e jovens atletas a continuarem a se dedicar nas lutas e artes marciais\u201d, diz Edvaldo Ormindo, secret\u00e1rio de Esportes e Recrea\u00e7\u00e3o de Caraguatatuba.<\/p>\n<p>O festival reunir\u00e1 competi\u00e7\u00f5es de sete modalidades de artes marciais e lutas, sendo elas Jiu Jitsu, Jud\u00f4, Karat\u00ea, Hapkido, Boxe, Capoeira e Muay Thai.<\/p>\n<p>O evento contar\u00e1 com a participa\u00e7\u00e3o de 19 professores do projeto \u2018Nova Onda \u2013 Caragu\u00e1\u2019 e Secretaria de Esporte e Recrea\u00e7\u00e3o de Caraguatatuba e convidados, al\u00e9m de atletas iniciantes que ter\u00e3o sua primeira oportunidade e graduados que apresentar\u00e3o suas melhores habilidades e t\u00e9cnicas de combate aprendidas nas aulas.<\/p>\n<p>A competi\u00e7\u00e3o ser\u00e1 na Quadra de Esportes do Centro Esportivo Municipal Ubaldo Gon\u00e7alves e contar\u00e1 com seis \u00e1reas de tatame, al\u00e9m de um ringue completo de combate.<\/p>\n<p>Devido \u00e0 organiza\u00e7\u00e3o para o evento, as aulas realizadas na quadra a partir das 15h de sexta-feira (12\/08) ser\u00e3o suspensas.<\/p>\n","protected":false},"excerpt":{"rendered":"<p>A Prefeitura de Caraguatatuba, por meio da Secretaria de Esportes e Recrea\u00e7\u00e3o, realiza no dia 13 de agosto (s\u00e1bado), no Centro Esportivo Municipal Ubaldo Gon\u00e7alves (Cemug), o Festival de Artes Marciais 2022. A competi\u00e7\u00e3o tem previs\u00e3o para iniciar \u00e0s 8h com desfile de abertura e deve reunir cerca de 2 mil atletas, todos inscritos no [&hellip;]<\/p>\n","protected":false},"author":26,"featured_media":6728,"comment_status":"open","ping_status":"open","sticky":false,"template":"","format":"standard","meta":{"footnotes":""},"categories":[8,11,12],"tags":[],"class_list":["post-6727","post","type-post","status-publish","format-standard","has-post-thumbnail","hentry","category-caraguatatuba","category-esportes","category-eventos"],"aioseo_notices":[],"_links":{"self":[{"href":"https:\/\/lrm67.com\/index.php\/wp-json\/wp\/v2\/posts\/6727","targetHints":{"allow":["GET"]}}],"collection":[{"href":"https:\/\/lrm67.com\/index.php\/wp-json\/wp\/v2\/posts"}],"about":[{"href":"https:\/\/lrm67.com\/index.php\/wp-json\/wp\/v2\/types\/post"}],"author":[{"embeddable":true,"href":"https:\/\/lrm67.com\/index.php\/wp-json\/wp\/v2\/users\/26"}],"replies":[{"embeddable":true,"href":"https:\/\/lrm67.com\/index.php\/wp-json\/wp\/v2\/comments?post=6727"}],"version-history":[{"count":1,"href":"https:\/\/lrm67.com\/index.php\/wp-json\/wp\/v2\/posts\/6727\/revisions"}],"predecessor-version":[{"id":6729,"href":"https:\/\/lrm67.com\/index.php\/wp-json\/wp\/v2\/posts\/6727\/revisions\/6729"}],"wp:featuredmedia":[{"embeddable":true,"href":"https:\/\/lrm67.com\/index.php\/wp-json\/wp\/v2\/media\/6728"}],"wp:attachment":[{"href":"https:\/\/lrm67.com\/index.php\/wp-json\/wp\/v2\/media?parent=6727"}],"wp:term":[{"taxonomy":"category","embeddable":true,"href":"https:\/\/lrm67.com\/index.php\/wp-json\/wp\/v2\/categories?post=6727"},{"taxonomy":"post_tag","embeddable":true,"href":"https:\/\/lrm67.com\/index.php\/wp-json\/wp\/v2\/tags?post=6727"}],"curies":[{"name":"wp","href":"https:\/\/api.w.org\/{rel}","templated":true}]}}