{"id":6717,"date":"2022-08-10T11:57:51","date_gmt":"2022-08-10T14:57:51","guid":{"rendered":"https:\/\/lrm67.com\/?p=6717"},"modified":"2022-08-10T11:57:51","modified_gmt":"2022-08-10T14:57:51","slug":"sao-sebastiao-marca-presenca-em-eventos-voltados-ao-turismo","status":"publish","type":"post","link":"https:\/\/lrm67.com\/index.php\/2022\/08\/10\/sao-sebastiao-marca-presenca-em-eventos-voltados-ao-turismo\/","title":{"rendered":"S\u00e3o Sebasti\u00e3o marca presen\u00e7a em eventos voltados ao turismo"},"content":{"rendered":"<p style=\"font-weight: 400;\">De 05 a 07 de agosto, a Prefeitura de S\u00e3o Sebasti\u00e3o, por meio da Secretaria de Turismo (SETUR), participou do primeiro Festival de Cerveja Artesanal de Campos do Jord\u00e3o \u201cWinter BierFest\u201d.<\/p>\n<p style=\"font-weight: 400;\">Al\u00e9m dos diversos estandes de cervejeiros e da gastronomia local, a SETUR esteve presente no estande do Governo do Estado de S\u00e3o Paulo, apresentando aos visitantes o destino S\u00e3o Sebasti\u00e3o, atrav\u00e9s das folheterias impressas e digitais.<\/p>\n<p style=\"font-weight: 400;\">Durante a Winter BierFest, mais de 200 pessoas passaram pelo estande da SETUR para conhecer as belezas naturais, os pontos tur\u00edsticos, a cultura e a gastronomia da cidade. Dentre os visitantes, o ex-jogador de futebol Alo\u00edsio Chulapa prestigiou o estande, ficando encantado com as belezas de S\u00e3o Sebasti\u00e3o. A Prefeitura segue participando de v\u00e1rias feiras em diferentes segmentos, a fim de fomentar e consolidar cada vez mais o turismo do munic\u00edpio.<\/p>\n<p><img fetchpriority=\"high\" decoding=\"async\" class=\"alignnone size-full wp-image-6718\" src=\"https:\/\/lrm67.com\/wp-content\/uploads\/2022\/08\/feira.jpeg\" alt=\"\" width=\"1191\" height=\"989\" srcset=\"https:\/\/lrm67.com\/wp-content\/uploads\/2022\/08\/feira.jpeg 1191w, https:\/\/lrm67.com\/wp-content\/uploads\/2022\/08\/feira-300x249.jpeg 300w, https:\/\/lrm67.com\/wp-content\/uploads\/2022\/08\/feira-1024x850.jpeg 1024w, https:\/\/lrm67.com\/wp-content\/uploads\/2022\/08\/feira-768x638.jpeg 768w\" sizes=\"(max-width: 1191px) 100vw, 1191px\" \/><\/p>\n<p style=\"font-weight: 400;\"><strong>Sal\u00e3o S\u00e3o Paulo de Turismo<\/strong><\/p>\n<p style=\"font-weight: 400;\">A SETUR tamb\u00e9m marcou presen\u00e7a no 19\u00ba Sal\u00e3o S\u00e3o Paulo de Turismo, na capital paulista, no dia 4 de agosto. A a\u00e7\u00e3o\u00a0\u00e9 considerada o<strong>\u00a0<\/strong>principal evento com exclusividade as cidades tur\u00edsticas do Estado de S\u00e3o Paulo, trazendo demonstra\u00e7\u00f5es culturais e gastron\u00f4micas, al\u00e9m de reunir gestores p\u00fablicos, turism\u00f3logos, imprensa especializada, agentes e operadores de viagens em suas salas de congresso onde foram discutidos assuntos atuais do turismo com profissionais renomados.<\/p>\n<p style=\"font-weight: 400;\">Os representantes da pasta tamb\u00e9m participaram da feira de neg\u00f3cios\u00a0e de palestras\u00a0ministradas por formadores de opini\u00e3o do mercado nacional e internacional.<\/p>\n","protected":false},"excerpt":{"rendered":"<p>De 05 a 07 de agosto, a Prefeitura de S\u00e3o Sebasti\u00e3o, por meio da Secretaria de Turismo (SETUR), participou do primeiro Festival de Cerveja Artesanal de Campos do Jord\u00e3o \u201cWinter BierFest\u201d. Al\u00e9m dos diversos estandes de cervejeiros e da gastronomia local, a SETUR esteve presente no estande do Governo do Estado de S\u00e3o Paulo, apresentando [&hellip;]<\/p>\n","protected":false},"author":26,"featured_media":6719,"comment_status":"open","ping_status":"open","sticky":false,"template":"","format":"standard","meta":{"footnotes":""},"categories":[13,5],"tags":[],"class_list":["post-6717","post","type-post","status-publish","format-standard","has-post-thumbnail","hentry","category-sao-sebastiao","category-turismo"],"aioseo_notices":[],"_links":{"self":[{"href":"https:\/\/lrm67.com\/index.php\/wp-json\/wp\/v2\/posts\/6717","targetHints":{"allow":["GET"]}}],"collection":[{"href":"https:\/\/lrm67.com\/index.php\/wp-json\/wp\/v2\/posts"}],"about":[{"href":"https:\/\/lrm67.com\/index.php\/wp-json\/wp\/v2\/types\/post"}],"author":[{"embeddable":true,"href":"https:\/\/lrm67.com\/index.php\/wp-json\/wp\/v2\/users\/26"}],"replies":[{"embeddable":true,"href":"https:\/\/lrm67.com\/index.php\/wp-json\/wp\/v2\/comments?post=6717"}],"version-history":[{"count":1,"href":"https:\/\/lrm67.com\/index.php\/wp-json\/wp\/v2\/posts\/6717\/revisions"}],"predecessor-version":[{"id":6720,"href":"https:\/\/lrm67.com\/index.php\/wp-json\/wp\/v2\/posts\/6717\/revisions\/6720"}],"wp:featuredmedia":[{"embeddable":true,"href":"https:\/\/lrm67.com\/index.php\/wp-json\/wp\/v2\/media\/6719"}],"wp:attachment":[{"href":"https:\/\/lrm67.com\/index.php\/wp-json\/wp\/v2\/media?parent=6717"}],"wp:term":[{"taxonomy":"category","embeddable":true,"href":"https:\/\/lrm67.com\/index.php\/wp-json\/wp\/v2\/categories?post=6717"},{"taxonomy":"post_tag","embeddable":true,"href":"https:\/\/lrm67.com\/index.php\/wp-json\/wp\/v2\/tags?post=6717"}],"curies":[{"name":"wp","href":"https:\/\/api.w.org\/{rel}","templated":true}]}}