{"id":6714,"date":"2022-08-10T11:50:07","date_gmt":"2022-08-10T14:50:07","guid":{"rendered":"https:\/\/lrm67.com\/?p=6714"},"modified":"2022-08-10T11:50:07","modified_gmt":"2022-08-10T14:50:07","slug":"festival-da-cultura-japonesa-sao-sebastiao-matsuri-reune-gastronomia-da-terra-do-sol-nascente-e-apresentacoes-culturais-na-rua-da-praia","status":"publish","type":"post","link":"https:\/\/lrm67.com\/index.php\/2022\/08\/10\/festival-da-cultura-japonesa-sao-sebastiao-matsuri-reune-gastronomia-da-terra-do-sol-nascente-e-apresentacoes-culturais-na-rua-da-praia\/","title":{"rendered":"Festival da Cultura Japonesa \u201cS\u00e3o Sebasti\u00e3o Matsuri\u201d re\u00fane gastronomia da terra do sol nascente e apresenta\u00e7\u00f5es culturais na Rua da Praia"},"content":{"rendered":"<p style=\"font-weight: 400;\">De 12 a 14 e de 19 a 21 de agosto, a Prefeitura de S\u00e3o Sebasti\u00e3o, por meio da Secretaria de Turismo (SETUR) e da Funda\u00e7\u00e3o Educacional e Cultural \u201cDeodato Sant\u2019Anna\u201d (Fundass), realiza o Festival da Cultura Japonesa \u201cS\u00e3o Sebasti\u00e3o Matsuri\u201d.\u00a0Considerado o maior festival de gastronomia japonesa do Litoral Norte,\u00a0a edi\u00e7\u00e3o 2022 presta homenagem p\u00f3stuma \u00e0 Sra. Irene Takako Mori, grande representante da Col\u00f4nia Japonesa no munic\u00edpio.<\/p>\n<p style=\"font-weight: 400;\">O evento acontecer\u00e1 no Complexo Tur\u00edstico da Rua da Praia, no Centro Hist\u00f3rico, sempre a partir das 17h, contando com 45 estandes de estabelecimentos da culin\u00e1ria japonesa, food trucks e bazaristas, al\u00e9m de shows musicais, oficinas, apresenta\u00e7\u00f5es de taiko, espet\u00e1culo de m\u00e1gica, ilusionismo, cosplay e muito mais.<\/p>\n<p style=\"font-weight: 400;\">A Col\u00f4nia Japonesa de S\u00e3o Sebasti\u00e3o ter\u00e1 exclusividade nas vendas de tempur\u00e1 e yakisoba e toda a arrecada\u00e7\u00e3o ser\u00e1 revertida para zeladoria e conserva\u00e7\u00e3o da sua sede, localizada no bairro da Enseada.<\/p>\n<p style=\"font-weight: 400;\">Haver\u00e1 demonstra\u00e7\u00f5es e comercializa\u00e7\u00e3o de origamis, exposi\u00e7\u00e3o fotogr\u00e1fica em homenagem a Sra. Irene Takako e vendas de produtos orientais e plantas ornamentais.<\/p>\n<p style=\"font-weight: 400;\">O evento \u00e9 destinado ao p\u00fablico de todas as idades. O\u00a0espa\u00e7o tamb\u00e9m \u00e9\u00a0<em>petfriendly<\/em>\u00a0e estar\u00e1 de portas abertas para os animais de estima\u00e7\u00e3o poderem acompanhar seus donos.<\/p>\n<p style=\"font-weight: 400;\"><strong>Estacionamento Solid\u00e1rio<\/strong><\/p>\n<p style=\"font-weight: 400;\">O Fundo Social da Prefeitura de S\u00e3o Sebasti\u00e3o estar\u00e1 arrecadando alimentos n\u00e3o perec\u00edveis (exceto sal e a\u00e7\u00facar), no Estacionamento Solid\u00e1rio, durante o S\u00e3o Sebasti\u00e3o Matsuri. Toda a arrecada\u00e7\u00e3o ser\u00e1 destinada \u00e0s fam\u00edlias em situa\u00e7\u00e3o emergencial de vulnerabilidade social no munic\u00edpio.<\/p>\n<p style=\"font-weight: 400;\"><strong>Confira a programa\u00e7\u00e3o completa:<\/strong><\/p>\n<p style=\"font-weight: 400;\"><strong>12\/08 (sexta-feira)<\/strong><\/p>\n<p style=\"font-weight: 400;\">18h &#8211; Oficina de Confec\u00e7\u00e3o de M\u00e1scara Tradicional Japonesa<\/p>\n<p style=\"font-weight: 400;\">21h \u2013 Show com Joe Hirata<\/p>\n<p style=\"font-weight: 400;\">\n<p style=\"font-weight: 400;\"><strong>13\/08 (s\u00e1bado)<\/strong><\/p>\n<p style=\"font-weight: 400;\">18h \u2013 Oficina de Confec\u00e7\u00e3o de M\u00e1scara Tradicional Japonesa<\/p>\n<p style=\"font-weight: 400;\">19h \u2013 Apresenta\u00e7\u00e3o de Taiko \u2013 Tambores japoneses com o grupo Shinkyo Daiko<\/p>\n<p style=\"font-weight: 400;\">19h30 \u2013 Show com Ricardo Nakase<\/p>\n<p style=\"font-weight: 400;\">20h \u2013 Abertura Oficial &#8211; Homenagem a Sra. Takako Mori<\/p>\n<p style=\"font-weight: 400;\">20h \u2013 Banda Municipal Maestro Manoel Ladislau de Mattos<\/p>\n<p style=\"font-weight: 400;\">20h30 &#8211; Apresenta\u00e7\u00e3o de Taiko \u2013 Tambores japoneses com o grupo Shinkyo Daiko<\/p>\n<p style=\"font-weight: 400;\">21h \u2013 Show com Karen Ito<\/p>\n<p style=\"font-weight: 400;\">\n<p style=\"font-weight: 400;\"><strong>14\/08 (domingo)<\/strong><\/p>\n<p style=\"font-weight: 400;\">17h \u2013 Retreta da Banda Municipal Maestro Manoel Ladislau de Mattos<\/p>\n<p style=\"font-weight: 400;\">17h \u00e0s 22h &#8211; Interven\u00e7\u00e3o Art\u00edstica Cosplay<\/p>\n<p style=\"font-weight: 400;\">18h \u2013 Apresenta\u00e7\u00e3o de Taiko \u2013 Tambores japoneses com o grupo Gookay Wadaiko<\/p>\n<p style=\"font-weight: 400;\">20h &#8211; Apresenta\u00e7\u00e3o de Taiko \u2013 Tambores japoneses com o grupo Gookay Wadaiko<\/p>\n<p style=\"font-weight: 400;\">21h \u2013 Show de M\u00e1gica com Ossama Sato<\/p>\n<p style=\"font-weight: 400;\"><strong>\u00a0<\/strong><\/p>\n<p style=\"font-weight: 400;\"><strong>19\/08 (sexta-feira)<\/strong><\/p>\n<p style=\"font-weight: 400;\">17h \u00e0s 22h &#8211; Interven\u00e7\u00e3o Art\u00edstica<\/p>\n<p style=\"font-weight: 400;\">18h \u2013 Oficina de Anima\u00e7\u00e3o Tradicional com M\u00e1scaras do Folclore Japon\u00eas<\/p>\n<p style=\"font-weight: 400;\">21h \u2013 Mitate \u2013 Ilusionismo Oriental<\/p>\n<p style=\"font-weight: 400;\"><strong>\u00a0<\/strong><\/p>\n<p style=\"font-weight: 400;\"><strong>20\/08 (s\u00e1bado)<\/strong><\/p>\n<p style=\"font-weight: 400;\">17h \u00e0s 22h &#8211; Interven\u00e7\u00e3o Art\u00edstica<\/p>\n<p style=\"font-weight: 400;\">18h &#8211; Oficina de Anima\u00e7\u00e3o Tradicional com M\u00e1scaras do Folclore Japon\u00eas<\/p>\n<p style=\"font-weight: 400;\">19h &#8211; Apresenta\u00e7\u00e3o de Taiko \u2013 Tambores japoneses com o grupo Ikkon Wadaiko<\/p>\n<p style=\"font-weight: 400;\">22h \u2013 Mitate \u2013 Ilusionismo Oriental<\/p>\n<p style=\"font-weight: 400;\">\n<p style=\"font-weight: 400;\"><strong>21\/08 (domingo)<\/strong><\/p>\n<p style=\"font-weight: 400;\">17h \u2013 Retreta da Banda Municipal Maestro Manoel Ladislau de Mattos<\/p>\n<p style=\"font-weight: 400;\">18h &#8211; Apresenta\u00e7\u00e3o de Taiko \u2013 Tambores japoneses com o grupo Ikkon Wadaiko<\/p>\n<p style=\"font-weight: 400;\">18h30 \u2013 K-Pop Sensation<\/p>\n<p style=\"font-weight: 400;\">20h &#8211; Apresenta\u00e7\u00e3o de Taiko \u2013 Tambores japoneses com o grupo Gookay Wadaiko<\/p>\n","protected":false},"excerpt":{"rendered":"<p>De 12 a 14 e de 19 a 21 de agosto, a Prefeitura de S\u00e3o Sebasti\u00e3o, por meio da Secretaria de Turismo (SETUR) e da Funda\u00e7\u00e3o Educacional e Cultural \u201cDeodato Sant\u2019Anna\u201d (Fundass), realiza o Festival da Cultura Japonesa \u201cS\u00e3o Sebasti\u00e3o Matsuri\u201d.\u00a0Considerado o maior festival de gastronomia japonesa do Litoral Norte,\u00a0a edi\u00e7\u00e3o 2022 presta homenagem p\u00f3stuma [&hellip;]<\/p>\n","protected":false},"author":26,"featured_media":6715,"comment_status":"open","ping_status":"open","sticky":false,"template":"","format":"standard","meta":{"footnotes":""},"categories":[12,13],"tags":[],"class_list":["post-6714","post","type-post","status-publish","format-standard","has-post-thumbnail","hentry","category-eventos","category-sao-sebastiao"],"aioseo_notices":[],"_links":{"self":[{"href":"https:\/\/lrm67.com\/index.php\/wp-json\/wp\/v2\/posts\/6714","targetHints":{"allow":["GET"]}}],"collection":[{"href":"https:\/\/lrm67.com\/index.php\/wp-json\/wp\/v2\/posts"}],"about":[{"href":"https:\/\/lrm67.com\/index.php\/wp-json\/wp\/v2\/types\/post"}],"author":[{"embeddable":true,"href":"https:\/\/lrm67.com\/index.php\/wp-json\/wp\/v2\/users\/26"}],"replies":[{"embeddable":true,"href":"https:\/\/lrm67.com\/index.php\/wp-json\/wp\/v2\/comments?post=6714"}],"version-history":[{"count":1,"href":"https:\/\/lrm67.com\/index.php\/wp-json\/wp\/v2\/posts\/6714\/revisions"}],"predecessor-version":[{"id":6716,"href":"https:\/\/lrm67.com\/index.php\/wp-json\/wp\/v2\/posts\/6714\/revisions\/6716"}],"wp:featuredmedia":[{"embeddable":true,"href":"https:\/\/lrm67.com\/index.php\/wp-json\/wp\/v2\/media\/6715"}],"wp:attachment":[{"href":"https:\/\/lrm67.com\/index.php\/wp-json\/wp\/v2\/media?parent=6714"}],"wp:term":[{"taxonomy":"category","embeddable":true,"href":"https:\/\/lrm67.com\/index.php\/wp-json\/wp\/v2\/categories?post=6714"},{"taxonomy":"post_tag","embeddable":true,"href":"https:\/\/lrm67.com\/index.php\/wp-json\/wp\/v2\/tags?post=6714"}],"curies":[{"name":"wp","href":"https:\/\/api.w.org\/{rel}","templated":true}]}}