{"id":6698,"date":"2022-08-10T09:40:55","date_gmt":"2022-08-10T12:40:55","guid":{"rendered":"https:\/\/lrm67.com\/?p=6698"},"modified":"2022-08-10T09:47:01","modified_gmt":"2022-08-10T12:47:01","slug":"em-atitude-sensata-maha-cede-e-adia-exercicios-de-tiro-na-ilha-sapata","status":"publish","type":"post","link":"https:\/\/lrm67.com\/index.php\/2022\/08\/10\/em-atitude-sensata-maha-cede-e-adia-exercicios-de-tiro-na-ilha-sapata\/","title":{"rendered":"Em atitude sensata, Marinha cede e adia exerc\u00edcios de tiro na Ilha Sapata"},"content":{"rendered":"<p>Marcello Ver\u00edssimo<\/p>\n<p>Em uma atitude sensata, a Marinha do Brasil cedeu e adiou os exerc\u00edcios de tiros agendados para a Ilha Sapata, que integra a Unidade de Conserva\u00e7\u00e3o da Vida Silvestre Ref\u00fagio de Alcatrazes, \u00e1rea de prote\u00e7\u00e3o criada em 2016.<\/p>\n<p>Desde que foi divulgada a realiza\u00e7\u00e3o dos exerc\u00edcios de tiro, mobilizou ambientalistas e sociedade civil organizada. No \u00faltimo dia 5, o presidente do ICMBio (Instituto Chico Mendes de Conserva\u00e7\u00e3o da Biodiversidade), Marcos Simanovic, enviou of\u00edcio \u00e0 Marinha alertando sobre os riscos e a impossibilidade da pr\u00e1tica dos exerc\u00edcios na semana que vem. O per\u00edodo correto para os exerc\u00edcios compreende os meses de novembro a abril.<\/p>\n<p>A decis\u00e3o da Marinha, em resposta ao of\u00edcio enviado pelo ICMBio (Instituto Chico Mendes de Conserva\u00e7\u00e3o da Biodiversidade), foi apenas por &#8220;adiar os exerc\u00edcios&#8221;, mas o \u00f3rg\u00e3o n\u00e3o divulgou detalhes sobre o assunto e nem falou com a imprensa.<\/p>\n<p>De acordo com os ambientalistas, caso os exerc\u00edcios fossem realizados nesta \u00e9poca de reprodu\u00e7\u00e3o dos animais, poderiam comprometer em at\u00e9 75% o sucesso da reprodu\u00e7\u00e3o na temporada.<\/p>\n","protected":false},"excerpt":{"rendered":"<p>Marcello Ver\u00edssimo Em uma atitude sensata, a Marinha do Brasil cedeu e adiou os exerc\u00edcios de tiros agendados para a Ilha Sapata, que integra a Unidade de Conserva\u00e7\u00e3o da Vida Silvestre Ref\u00fagio de Alcatrazes, \u00e1rea de prote\u00e7\u00e3o criada em 2016. Desde que foi divulgada a realiza\u00e7\u00e3o dos exerc\u00edcios de tiro, mobilizou ambientalistas e sociedade civil [&hellip;]<\/p>\n","protected":false},"author":26,"featured_media":6699,"comment_status":"open","ping_status":"open","sticky":false,"template":"","format":"standard","meta":{"footnotes":""},"categories":[7,2,3,18,13],"tags":[52,55,53],"class_list":["post-6698","post","type-post","status-publish","format-standard","has-post-thumbnail","hentry","category-destaque","category-geral","category-ilhabela","category-meio-ambiente","category-sao-sebastiao","tag-icmbio","tag-marinha-do-brasil","tag-refugio-de-alcatrazes"],"aioseo_notices":[],"_links":{"self":[{"href":"https:\/\/lrm67.com\/index.php\/wp-json\/wp\/v2\/posts\/6698","targetHints":{"allow":["GET"]}}],"collection":[{"href":"https:\/\/lrm67.com\/index.php\/wp-json\/wp\/v2\/posts"}],"about":[{"href":"https:\/\/lrm67.com\/index.php\/wp-json\/wp\/v2\/types\/post"}],"author":[{"embeddable":true,"href":"https:\/\/lrm67.com\/index.php\/wp-json\/wp\/v2\/users\/26"}],"replies":[{"embeddable":true,"href":"https:\/\/lrm67.com\/index.php\/wp-json\/wp\/v2\/comments?post=6698"}],"version-history":[{"count":3,"href":"https:\/\/lrm67.com\/index.php\/wp-json\/wp\/v2\/posts\/6698\/revisions"}],"predecessor-version":[{"id":6702,"href":"https:\/\/lrm67.com\/index.php\/wp-json\/wp\/v2\/posts\/6698\/revisions\/6702"}],"wp:featuredmedia":[{"embeddable":true,"href":"https:\/\/lrm67.com\/index.php\/wp-json\/wp\/v2\/media\/6699"}],"wp:attachment":[{"href":"https:\/\/lrm67.com\/index.php\/wp-json\/wp\/v2\/media?parent=6698"}],"wp:term":[{"taxonomy":"category","embeddable":true,"href":"https:\/\/lrm67.com\/index.php\/wp-json\/wp\/v2\/categories?post=6698"},{"taxonomy":"post_tag","embeddable":true,"href":"https:\/\/lrm67.com\/index.php\/wp-json\/wp\/v2\/tags?post=6698"}],"curies":[{"name":"wp","href":"https:\/\/api.w.org\/{rel}","templated":true}]}}