{"id":6684,"date":"2022-08-10T09:00:10","date_gmt":"2022-08-10T12:00:10","guid":{"rendered":"https:\/\/lrm67.com\/?p=6684"},"modified":"2022-08-10T09:21:09","modified_gmt":"2022-08-10T12:21:09","slug":"experiente-candido-vacezza-candidato-a-deputado-federal-pelo-avante-quer-projeto-para-o-desenvolvimento-turistico-do-litoral-norte","status":"publish","type":"post","link":"https:\/\/lrm67.com\/index.php\/2022\/08\/10\/experiente-candido-vacezza-candidato-a-deputado-federal-pelo-avante-quer-projeto-para-o-desenvolvimento-turistico-do-litoral-norte\/","title":{"rendered":"Experiente, C\u00e2ndido Vaccarezza, candidato a deputado federal pelo AVANTE quer projeto para o desenvolvimento tur\u00edstico do Litoral Norte"},"content":{"rendered":"<p>Marcello Ver\u00edssimo<\/p>\n<p>&nbsp;<\/p>\n<p>Pol\u00edtico experiente, C\u00e2ndido Vaccarezza, candidato a deputado federal pelo Partido Avante, esteve no Litoral Norte para cumprir agenda de campanha no \u00faltimo domingo (7). Em Caraguatatuba, se reuniu com correligion\u00e1rios, em uma reuni\u00e3o plen\u00e1ria com 170 pessoas, que tamb\u00e9m contou com a presen\u00e7a do candidato a deputado estadual Neto Bota. Al\u00e9m de Caraguatatuba, Vaccarezza esteve em Ilhabela e S\u00e3o Sebasti\u00e3o. \u201cFoi um fim de semana muito produtivo com reuni\u00f5es e apoios importantes de lideran\u00e7as da regi\u00e3o\u201d, disse ele, que tenta seu terceiro mandato como deputado federal. O candidato concedeu entrevista \u00e0 reportagem do <strong>JDL, <\/strong>na s\u00e9rie de entrevistas que tem feito com v\u00e1rios candidatos.<\/p>\n<p>Formado pela Universidade Federal de Bras\u00edlia, Vaccarezza \u00e9 m\u00e9dico h\u00e1 40 anos, especializado em Sa\u00fade P\u00fablica pela Universidade de S\u00e3o Paulo e atualmente faz mestrado pela Faculdade de Medicina da Santa Casa de S\u00e3o Paulo. Orgulha-se de sempre exercer a medicina com dignidade. Dirigiu hospitais importantes, como o Hospital Nardini, em Mau\u00e1, na Regi\u00e3o metropolitana de S\u00e3o Paulo; e os hospitais do Campo Limpo e da Mooca, na capital, onde tamb\u00e9m atuou no combate \u00e0 pandemia da Covid-19 como m\u00e9dico e como Diretor do Hospital Ign\u00e1cio Proen\u00e7a de Gouveia, refer\u00eancia no tratamento do coronav\u00edrus na zona leste de S\u00e3o Paulo.<\/p>\n<p>Mas C\u00e2ndido Vaccarezza tem a pol\u00edtica correndo no sangue. Nascido na Bahia, mora em S\u00e3o Paulo desde 1982, durante seus quatro mandatos, sendo dois como deputado estadual e dois como deputado federal, como ele mesmo diz, prestou muitos servi\u00e7os para S\u00e3o Paulo e para o Brasil. \u201cNa Assembleia Legislativa de S\u00e3o Paulo, sou o autor do C\u00f3digo do Idoso, da Lei do Sangue e do P\u00f3lo Industrial de Itaquera\u201d, destaca o candidato, que tamb\u00e9m fez a Consolida\u00e7\u00e3o das Leis de S\u00e3o Paulo, que simplificou a legisla\u00e7\u00e3o estadual e facilitou a vida dos paulistas. Tamb\u00e9m atuou como secret\u00e1rio de Esporte e Cultura de Mau\u00e1.<\/p>\n<p><img fetchpriority=\"high\" decoding=\"async\" class=\"alignnone size-full wp-image-6696\" src=\"https:\/\/lrm67.com\/wp-content\/uploads\/2022\/08\/candidovacarezza.jpg\" alt=\"\" width=\"1600\" height=\"800\" srcset=\"https:\/\/lrm67.com\/wp-content\/uploads\/2022\/08\/candidovacarezza.jpg 1600w, https:\/\/lrm67.com\/wp-content\/uploads\/2022\/08\/candidovacarezza-300x150.jpg 300w, https:\/\/lrm67.com\/wp-content\/uploads\/2022\/08\/candidovacarezza-1024x512.jpg 1024w, https:\/\/lrm67.com\/wp-content\/uploads\/2022\/08\/candidovacarezza-768x384.jpg 768w, https:\/\/lrm67.com\/wp-content\/uploads\/2022\/08\/candidovacarezza-1536x768.jpg 1536w\" sizes=\"(max-width: 1600px) 100vw, 1600px\" \/><\/p>\n<p>Com ampla trajet\u00f3ria na vida p\u00fablica, ainda jovem C\u00e2ndido Vaccarezza participou efetivamente das lutas contra o autoritarismo, por melhores condi\u00e7\u00f5es de vida e pela conquista da Democracia no Brasil, entre outras realiza\u00e7\u00f5es. Antes de se filiar ao partido Avante, Vaccarezza esteve no PT e foi l\u00edder do Governo na C\u00e2mara Federal durante os governos Lula e Dilma, durante seu primeiro mandato. \u201cTenho experi\u00eancia pol\u00edtica, administrativa e compromisso com a luta por educa\u00e7\u00e3o de qualidade e sa\u00fade para o povo brasileiro\u201d, ele garante.<\/p>\n<p><strong>Federal<\/strong><\/p>\n<p>Como deputado federal, C\u00e2ndido Vaccarezza foi presidente da Comiss\u00e3o de Regulamenta\u00e7\u00e3o da Constitui\u00e7\u00e3o e deu prioridade \u00e0 regulamenta\u00e7\u00e3o dos Direitos dos Trabalhadores Dom\u00e9sticos.<\/p>\n<blockquote><p>\u201cArticulei projetos que garantiram ao Brasil desenvolvimento econ\u00f4mico, distribui\u00e7\u00e3o de renda e gera\u00e7\u00e3o de empregos. Nos meus 8 anos de mandato, sempre estive, segundo o DIAP, entre os principais \u201ccabe\u00e7as do Congresso\u201d, mas nunca me afastei das bases.<\/p><\/blockquote>\n<p><strong>Litoral Norte<\/strong><\/p>\n<p>Para Vaccarezza, o Litoral Norte de S\u00e3o Paulo \u00e9 uma regi\u00e3o em constante desenvolvimento. Ele tem ci\u00eancia dos problemas de infraestrutura que afetam os munic\u00edpios, em \u00e1reas importantes, como o turismo, a falta de saneamento b\u00e1sico e a duplica\u00e7\u00e3o da Rodovia dos Tamoios, que \u00e9 a principal liga\u00e7\u00e3o para os motoristas de diversas partes do estado.<\/p>\n<blockquote><p>\u201cA duplica\u00e7\u00e3o da Tamoios est\u00e1 praticamente conclu\u00edda, falta s\u00f3 uma parte. Como deputado federal, vou pressionar a ind\u00fastria do turismo para a realiza\u00e7\u00e3o de um projeto ao litoral, que implicasse em obras estaduais, pelo t\u00e9rmino das obras da Tamoios, o fortalecimento da atividade portu\u00e1ria e do Porto de S\u00e3o Sebasti\u00e3o, com um terminal que pudesse receber turistas e navios cruzeiro, al\u00e9m de um aeroporto consistente, com empreendimentos tanto de divulga\u00e7\u00e3o internacional quanto divulga\u00e7\u00e3o no interior de S\u00e3o Paulo quanto do Brasil\u201d, diz ele.<\/p><\/blockquote>\n<p>\u201cO Litoral Norte \u00e9 uma regi\u00e3o muito bonita com v\u00e1rias op\u00e7\u00f5es tur\u00edsticas\u201d, completou C\u00e2ndido Vaccarezza, fazendo refer\u00eancia tamb\u00e9m \u00e0 qualidade dos transportes, principalmente, as balsas que operam a travessia entre S\u00e3o Sebasti\u00e3o e Ilhabela. \u201cS\u00e3o balsas antigas, de pequena capacidade tanto de transporte quanto a velocidade insignificante\u201d. \u201cPrecisa de uma solu\u00e7\u00e3o mais r\u00e1pida com melhores balsas, e a m\u00e9dio prazo uma ponte. Mas todas essas quest\u00f5es precisam ser discutidas com Cons\u00f3rcio do Litoral Norte, e o prefeito de Ilhabela [Toninho Colucci] est\u00e1 muito a par, acompanhando, mas tamb\u00e9m com o or\u00e7amento da Rep\u00fablica, que se eu for eleito, pretendo fazer j\u00e1 na discuss\u00e3o do or\u00e7amento para o ano que vem\u201d.<\/p>\n","protected":false},"excerpt":{"rendered":"<p>Marcello Ver\u00edssimo &nbsp; Pol\u00edtico experiente, C\u00e2ndido Vaccarezza, candidato a deputado federal pelo Partido Avante, esteve no Litoral Norte para cumprir agenda de campanha no \u00faltimo domingo (7). Em Caraguatatuba, se reuniu com correligion\u00e1rios, em uma reuni\u00e3o plen\u00e1ria com 170 pessoas, que tamb\u00e9m contou com a presen\u00e7a do candidato a deputado estadual Neto Bota. Al\u00e9m de [&hellip;]<\/p>\n","protected":false},"author":26,"featured_media":6685,"comment_status":"open","ping_status":"open","sticky":false,"template":"","format":"standard","meta":{"footnotes":""},"categories":[7,39,16],"tags":[],"class_list":["post-6684","post","type-post","status-publish","format-standard","has-post-thumbnail","hentry","category-destaque","category-eleicoes-2022","category-politica"],"aioseo_notices":[],"_links":{"self":[{"href":"https:\/\/lrm67.com\/index.php\/wp-json\/wp\/v2\/posts\/6684","targetHints":{"allow":["GET"]}}],"collection":[{"href":"https:\/\/lrm67.com\/index.php\/wp-json\/wp\/v2\/posts"}],"about":[{"href":"https:\/\/lrm67.com\/index.php\/wp-json\/wp\/v2\/types\/post"}],"author":[{"embeddable":true,"href":"https:\/\/lrm67.com\/index.php\/wp-json\/wp\/v2\/users\/26"}],"replies":[{"embeddable":true,"href":"https:\/\/lrm67.com\/index.php\/wp-json\/wp\/v2\/comments?post=6684"}],"version-history":[{"count":3,"href":"https:\/\/lrm67.com\/index.php\/wp-json\/wp\/v2\/posts\/6684\/revisions"}],"predecessor-version":[{"id":6697,"href":"https:\/\/lrm67.com\/index.php\/wp-json\/wp\/v2\/posts\/6684\/revisions\/6697"}],"wp:featuredmedia":[{"embeddable":true,"href":"https:\/\/lrm67.com\/index.php\/wp-json\/wp\/v2\/media\/6685"}],"wp:attachment":[{"href":"https:\/\/lrm67.com\/index.php\/wp-json\/wp\/v2\/media?parent=6684"}],"wp:term":[{"taxonomy":"category","embeddable":true,"href":"https:\/\/lrm67.com\/index.php\/wp-json\/wp\/v2\/categories?post=6684"},{"taxonomy":"post_tag","embeddable":true,"href":"https:\/\/lrm67.com\/index.php\/wp-json\/wp\/v2\/tags?post=6684"}],"curies":[{"name":"wp","href":"https:\/\/api.w.org\/{rel}","templated":true}]}}