{"id":6588,"date":"2022-08-05T16:10:41","date_gmt":"2022-08-05T19:10:41","guid":{"rendered":"https:\/\/lrm67.com\/?p=6588"},"modified":"2022-08-05T16:10:41","modified_gmt":"2022-08-05T19:10:41","slug":"camara-de-caraguatatuba-integra-projeto-de-escola-federativa-para-capacitacao-de-servidores","status":"publish","type":"post","link":"https:\/\/lrm67.com\/index.php\/2022\/08\/05\/camara-de-caraguatatuba-integra-projeto-de-escola-federativa-para-capacitacao-de-servidores\/","title":{"rendered":"C\u00e2mara de Caraguatatuba integra projeto de Escola Federativa para capacita\u00e7\u00e3o de servidores"},"content":{"rendered":"<p style=\"font-weight: 400;\">A C\u00e2mara Municipal de Caraguatatuba \u00e9 uma das 73 Casas Legislativas do Brasil e a primeira do Litoral Norte a integrar o projeto Escola Federativa desenvolvido pelo Governo Federal para a capacita\u00e7\u00e3o de servidores p\u00fablicos e agentes pol\u00edticos. O conv\u00eanio assinado com a Secretaria de Governo da Presid\u00eancia da Rep\u00fablica foi publicado recentemente no Di\u00e1rio Oficial da Uni\u00e3o.<\/p>\n<p style=\"font-weight: 400;\">Com a ades\u00e3o, servidores, vereadores e agentes p\u00fablicos ter\u00e3o acesso a cursos de aperfei\u00e7oamento de forma virtual e gratuita em uma plataforma espec\u00edfica desenvolvida pelo Governo Federal.<\/p>\n<p style=\"font-weight: 400;\">Para o presidente da C\u00e2mara, vereador Tato Aguilar, esta ser\u00e1 mais uma ferramenta para o aperfei\u00e7oamento das pr\u00e1ticas legislativas e da capacita\u00e7\u00e3o dos servidores p\u00fablicos. \u201cNosso grande objetivo \u00e9 disponibilizar aos nossos servidores e agentes pol\u00edticos municipais cursos, semin\u00e1rios que promovam o interc\u00e2mbio de boas pr\u00e1ticas de gest\u00e3o e governan\u00e7a al\u00e9m de proporcionar mais conhecimento e agilidade nos processos da C\u00e2mara com o objetivo final de otimizar diariamente o atendimento ao mun\u00edcipe\u201d, destacou Tato Aguilar.<\/p>\n<p style=\"font-weight: 400;\"><strong>Escola Federativa<\/strong><\/p>\n<p style=\"font-weight: 400;\">A plataforma digital re\u00fane em um mesmo lugar cursos, semin\u00e1rios e oficinas. Todo o conte\u00fado \u00e9 gratuito e oferecido por entidades parceiras do Governo Federal, como a Escola Nacional de Administra\u00e7\u00e3o P\u00fablica e o Sebrae.<\/p>\n","protected":false},"excerpt":{"rendered":"<p>A C\u00e2mara Municipal de Caraguatatuba \u00e9 uma das 73 Casas Legislativas do Brasil e a primeira do Litoral Norte a integrar o projeto Escola Federativa desenvolvido pelo Governo Federal para a capacita\u00e7\u00e3o de servidores p\u00fablicos e agentes pol\u00edticos. O conv\u00eanio assinado com a Secretaria de Governo da Presid\u00eancia da Rep\u00fablica foi publicado recentemente no Di\u00e1rio [&hellip;]<\/p>\n","protected":false},"author":26,"featured_media":6589,"comment_status":"open","ping_status":"open","sticky":false,"template":"","format":"standard","meta":{"footnotes":""},"categories":[8,16],"tags":[],"class_list":["post-6588","post","type-post","status-publish","format-standard","has-post-thumbnail","hentry","category-caraguatatuba","category-politica"],"aioseo_notices":[],"_links":{"self":[{"href":"https:\/\/lrm67.com\/index.php\/wp-json\/wp\/v2\/posts\/6588","targetHints":{"allow":["GET"]}}],"collection":[{"href":"https:\/\/lrm67.com\/index.php\/wp-json\/wp\/v2\/posts"}],"about":[{"href":"https:\/\/lrm67.com\/index.php\/wp-json\/wp\/v2\/types\/post"}],"author":[{"embeddable":true,"href":"https:\/\/lrm67.com\/index.php\/wp-json\/wp\/v2\/users\/26"}],"replies":[{"embeddable":true,"href":"https:\/\/lrm67.com\/index.php\/wp-json\/wp\/v2\/comments?post=6588"}],"version-history":[{"count":1,"href":"https:\/\/lrm67.com\/index.php\/wp-json\/wp\/v2\/posts\/6588\/revisions"}],"predecessor-version":[{"id":6590,"href":"https:\/\/lrm67.com\/index.php\/wp-json\/wp\/v2\/posts\/6588\/revisions\/6590"}],"wp:featuredmedia":[{"embeddable":true,"href":"https:\/\/lrm67.com\/index.php\/wp-json\/wp\/v2\/media\/6589"}],"wp:attachment":[{"href":"https:\/\/lrm67.com\/index.php\/wp-json\/wp\/v2\/media?parent=6588"}],"wp:term":[{"taxonomy":"category","embeddable":true,"href":"https:\/\/lrm67.com\/index.php\/wp-json\/wp\/v2\/categories?post=6588"},{"taxonomy":"post_tag","embeddable":true,"href":"https:\/\/lrm67.com\/index.php\/wp-json\/wp\/v2\/tags?post=6588"}],"curies":[{"name":"wp","href":"https:\/\/api.w.org\/{rel}","templated":true}]}}