{"id":6584,"date":"2022-08-05T15:32:46","date_gmt":"2022-08-05T18:32:46","guid":{"rendered":"https:\/\/lrm67.com\/?p=6584"},"modified":"2022-08-05T15:32:52","modified_gmt":"2022-08-05T18:32:52","slug":"promotoria-condena-ho-que-tentou-matar-ex-mulher-com-18-facadas","status":"publish","type":"post","link":"https:\/\/lrm67.com\/index.php\/2022\/08\/05\/promotoria-condena-ho-que-tentou-matar-ex-mulher-com-18-facadas\/","title":{"rendered":"Promotoria condena homem que tentou matar ex-mulher com 18 facadas"},"content":{"rendered":"<p>Marcello Ver\u00edssimo<\/p>\n<p>A promotoria de Justi\u00e7a, em Caraguatatuba, condenou a 10 anos e 5 meses de pris\u00e3o um homem que tentou matar sua ex-companheira em janeiro do ano passado, no Perequ\u00ea-Mirim. De acordo com den\u00fancia apresentada pelo promotor de Justi\u00e7a Rodrigo L\u00facio dos Santos Borges, o agora condenado<br \/>\nviolou medidas protetivas para cometer o crime.<\/p>\n<p>Ele n\u00e3o poder\u00e1 recorrer em liberdade e ter\u00e1 que cumprir a senten\u00e7a em regime fechado, de acordo com nota da assessoria de imprensa do Minist\u00e9rio P\u00fablico.<\/p>\n<p>O processo aponta que o casal se relacionou por 11 anos, sendo um relacionamento abusivo marcado por epis\u00f3dios de viol\u00eancia contra a mulher, incluindo agress\u00f5es f\u00edsicas e viol\u00eancia psicol\u00f3gica. Em julho de 2019, para prote\u00e7\u00e3o da mulher foram garantidas medidas protetivas para o ex-companheiro ficar longe de casa e n\u00e3o manter contato pr\u00f3ximo com ela.<\/p>\n<p>Mas, de acordo com a Promotoria, n\u00e3o foi o suficiente. Cheio de rancor, o homem armou um plano cheio de requintes de crueldade enquanto estavam separados. Ele fez com que o seu filho enviasse mensagem para intermediar um encontro entre o casal para conversar sobre a venda de um im\u00f3vel. Na verdade era uma emboscada.<\/p>\n<p>De acordo com o Minist\u00e9rio P\u00fablico a v\u00edtima foi atingida por 18 facadas, mesmo ferida conseguiu correr e pedir ajuda na rua, ela s\u00f3 sobreviveu gra\u00e7as a prontid\u00e3o do atendimento m\u00e9dico. O j\u00fari, que teve atua\u00e7\u00e3o do promotor Renato Queiroz de Lima, entendeu que o homem \u00e9 culpado.<\/p>\n","protected":false},"excerpt":{"rendered":"<p>Marcello Ver\u00edssimo A promotoria de Justi\u00e7a, em Caraguatatuba, condenou a 10 anos e 5 meses de pris\u00e3o um homem que tentou matar sua ex-companheira em janeiro do ano passado, no Perequ\u00ea-Mirim. De acordo com den\u00fancia apresentada pelo promotor de Justi\u00e7a Rodrigo L\u00facio dos Santos Borges, o agora condenado violou medidas protetivas para cometer o crime. [&hellip;]<\/p>\n","protected":false},"author":26,"featured_media":6585,"comment_status":"open","ping_status":"open","sticky":false,"template":"","format":"standard","meta":{"footnotes":""},"categories":[8,7,2,15],"tags":[],"class_list":["post-6584","post","type-post","status-publish","format-standard","has-post-thumbnail","hentry","category-caraguatatuba","category-destaque","category-geral","category-policia"],"aioseo_notices":[],"_links":{"self":[{"href":"https:\/\/lrm67.com\/index.php\/wp-json\/wp\/v2\/posts\/6584","targetHints":{"allow":["GET"]}}],"collection":[{"href":"https:\/\/lrm67.com\/index.php\/wp-json\/wp\/v2\/posts"}],"about":[{"href":"https:\/\/lrm67.com\/index.php\/wp-json\/wp\/v2\/types\/post"}],"author":[{"embeddable":true,"href":"https:\/\/lrm67.com\/index.php\/wp-json\/wp\/v2\/users\/26"}],"replies":[{"embeddable":true,"href":"https:\/\/lrm67.com\/index.php\/wp-json\/wp\/v2\/comments?post=6584"}],"version-history":[{"count":1,"href":"https:\/\/lrm67.com\/index.php\/wp-json\/wp\/v2\/posts\/6584\/revisions"}],"predecessor-version":[{"id":6586,"href":"https:\/\/lrm67.com\/index.php\/wp-json\/wp\/v2\/posts\/6584\/revisions\/6586"}],"wp:featuredmedia":[{"embeddable":true,"href":"https:\/\/lrm67.com\/index.php\/wp-json\/wp\/v2\/media\/6585"}],"wp:attachment":[{"href":"https:\/\/lrm67.com\/index.php\/wp-json\/wp\/v2\/media?parent=6584"}],"wp:term":[{"taxonomy":"category","embeddable":true,"href":"https:\/\/lrm67.com\/index.php\/wp-json\/wp\/v2\/categories?post=6584"},{"taxonomy":"post_tag","embeddable":true,"href":"https:\/\/lrm67.com\/index.php\/wp-json\/wp\/v2\/tags?post=6584"}],"curies":[{"name":"wp","href":"https:\/\/api.w.org\/{rel}","templated":true}]}}