{"id":6581,"date":"2022-08-05T15:01:18","date_gmt":"2022-08-05T18:01:18","guid":{"rendered":"https:\/\/lrm67.com\/?p=6581"},"modified":"2022-08-05T15:01:27","modified_gmt":"2022-08-05T18:01:27","slug":"dois-acidentes-com-camis-geram-transtornos-na-rodovia-dos-tamoios","status":"publish","type":"post","link":"https:\/\/lrm67.com\/index.php\/2022\/08\/05\/dois-acidentes-com-camis-geram-transtornos-na-rodovia-dos-tamoios\/","title":{"rendered":"Dois acidentes com caminh\u00f5es geram transtornos na Rodovia dos Tamoios"},"content":{"rendered":"<p>Dois acidentes envolvendo caminh\u00f5es acabaram atrapalhando o tr\u00e2nsito nesta sexta-feira (5) na Rodovia dos Tamoios entre Caraguatatuba e S\u00e3o Jos\u00e9 dos Campos, no Vale do Para\u00edba.Um caminh\u00e3o tombou, no in\u00edcio da manh\u00e3 desta sexta-feira (5), perto das 9h, na Rodovia dos Tamoios no sentido Litoral Norte. De acordo com a concession\u00e1ria que administra a rodovia, o acidente deixou uma v\u00edtima grave, sendo que foi o segundo caso de tombamento registrado somente nesta sexta-feira na rodovia em um intervalo de apenas duas horas.<\/p>\n<p>O segundo acidente ocorreu no km 71,8, mas neste caso o tombamento do ve\u00edculo n\u00e3o espalhou carga pela rodovia. Apesar de ter sido divulgado como grave, as equipes de socorro n\u00e3o informaram o estado de sa\u00fade da v\u00edtima e nem a intensidade dos ferimentos.<\/p>\n<p>No in\u00edcio da tarde, equipes da concession\u00e1ria e a Pol\u00edcia Rodovi\u00e1ria ainda atendiam a ocorr\u00eancia. O tr\u00e1fego flu\u00eda por apenas uma faixa \u00e0 esquerda.<\/p>\n<p>O outro acidente, segundo a concession\u00e1ria, aconteceu por volta das 6h30, no come\u00e7o do dia, quando uma carreta com cevada tombou no sentido S\u00e3o Jos\u00e9 dos Campos, na altura do km 52,5. A cevada acabou espalhada na rodovia.<\/p>\n","protected":false},"excerpt":{"rendered":"<p>Dois acidentes envolvendo caminh\u00f5es acabaram atrapalhando o tr\u00e2nsito nesta sexta-feira (5) na Rodovia dos Tamoios entre Caraguatatuba e S\u00e3o Jos\u00e9 dos Campos, no Vale do Para\u00edba.Um caminh\u00e3o tombou, no in\u00edcio da manh\u00e3 desta sexta-feira (5), perto das 9h, na Rodovia dos Tamoios no sentido Litoral Norte. De acordo com a concession\u00e1ria que administra a rodovia, [&hellip;]<\/p>\n","protected":false},"author":26,"featured_media":6582,"comment_status":"open","ping_status":"open","sticky":false,"template":"","format":"standard","meta":{"footnotes":""},"categories":[8,7,2],"tags":[],"class_list":["post-6581","post","type-post","status-publish","format-standard","has-post-thumbnail","hentry","category-caraguatatuba","category-destaque","category-geral"],"aioseo_notices":[],"_links":{"self":[{"href":"https:\/\/lrm67.com\/index.php\/wp-json\/wp\/v2\/posts\/6581","targetHints":{"allow":["GET"]}}],"collection":[{"href":"https:\/\/lrm67.com\/index.php\/wp-json\/wp\/v2\/posts"}],"about":[{"href":"https:\/\/lrm67.com\/index.php\/wp-json\/wp\/v2\/types\/post"}],"author":[{"embeddable":true,"href":"https:\/\/lrm67.com\/index.php\/wp-json\/wp\/v2\/users\/26"}],"replies":[{"embeddable":true,"href":"https:\/\/lrm67.com\/index.php\/wp-json\/wp\/v2\/comments?post=6581"}],"version-history":[{"count":1,"href":"https:\/\/lrm67.com\/index.php\/wp-json\/wp\/v2\/posts\/6581\/revisions"}],"predecessor-version":[{"id":6583,"href":"https:\/\/lrm67.com\/index.php\/wp-json\/wp\/v2\/posts\/6581\/revisions\/6583"}],"wp:featuredmedia":[{"embeddable":true,"href":"https:\/\/lrm67.com\/index.php\/wp-json\/wp\/v2\/media\/6582"}],"wp:attachment":[{"href":"https:\/\/lrm67.com\/index.php\/wp-json\/wp\/v2\/media?parent=6581"}],"wp:term":[{"taxonomy":"category","embeddable":true,"href":"https:\/\/lrm67.com\/index.php\/wp-json\/wp\/v2\/categories?post=6581"},{"taxonomy":"post_tag","embeddable":true,"href":"https:\/\/lrm67.com\/index.php\/wp-json\/wp\/v2\/tags?post=6581"}],"curies":[{"name":"wp","href":"https:\/\/api.w.org\/{rel}","templated":true}]}}