{"id":6576,"date":"2022-08-05T12:18:22","date_gmt":"2022-08-05T15:18:22","guid":{"rendered":"https:\/\/lrm67.com\/?p=6576"},"modified":"2022-08-05T12:18:22","modified_gmt":"2022-08-05T15:18:22","slug":"felipe-augusto-inaugura-campo-de-futebol-de-grama-sintetica-na-vila-sahy","status":"publish","type":"post","link":"https:\/\/lrm67.com\/index.php\/2022\/08\/05\/felipe-augusto-inaugura-campo-de-futebol-de-grama-sintetica-na-vila-sahy\/","title":{"rendered":"Felipe Augusto inaugura campo de futebol de grama sint\u00e9tica na Vila Sahy"},"content":{"rendered":"<p style=\"font-weight: 400;\">O prefeito de S\u00e3o Sebasti\u00e3o, Felipe Augusto, inaugurou nesta quinta-feira (04), o campo de grama sint\u00e9tica da Vila Sahy, em Barra do Sahy, Costa Sul do munic\u00edpio.<\/p>\n<p style=\"font-weight: 400;\">O prefeito de S\u00e3o Sebasti\u00e3o, Felipe Augusto, inaugurou nesta quinta-feira (04), o campo de grama sint\u00e9tica da Vila Sahy, em Barra do Sahy, Costa Sul do munic\u00edpio.<\/p>\n<p style=\"font-weight: 400;\">O espa\u00e7o do antigo campinho de areia foi transformado pela prefeitura, que construiu o campo com grama sint\u00e9tica, ilumina\u00e7\u00e3o em LED e mureta com alambrados. De acordo com a Secretaria de Obras (SEO), o valor investido foi R$ 471.417,21.<\/p>\n<p style=\"font-weight: 400;\">O prefeito destacou mais uma entrega realizada pela sua gest\u00e3o e outras anteriores. \u201c\u00c9 uma inaugura\u00e7\u00e3o marcada por muita emo\u00e7\u00e3o. Este era um espa\u00e7o totalmente abandonado. Aqui no bairro, fizemos tamb\u00e9m as pavimenta\u00e7\u00f5es, os passeios, drenagem, organizamos o posto de Sa\u00fade, a nova farm\u00e1cia, a pra\u00e7a em homenagem aos \u2018Anjos da Linha 12\u2019; o parquinho, e essa nova \u00e1rea de futebol em campo sint\u00e9tico. \u00c9 a Prefeitura trabalhando cada dia mais pelo nosso munic\u00edpio\u201d.<\/p>\n<p style=\"font-weight: 400;\"><strong>Muitas realiza\u00e7\u00f5es<\/strong><\/p>\n<p style=\"font-weight: 400;\">O bairro Barra do Sahy foi contemplado por dezenas de investimentos, entre os principais est\u00e3o: constru\u00e7\u00e3o da nova ponte de concreto entre Barra do Sahy e Baleia; reforma e amplia\u00e7\u00e3o da Escola Municipal Henrique Tavares de Jesus; inaugura\u00e7\u00e3o da USF na Vila Sahy; consult\u00f3rio odontol\u00f3gico; reforma e revitaliza\u00e7\u00e3o da pra\u00e7a da Vila Sahy, com implanta\u00e7\u00e3o de \u00e1rea de lazer (parque infantil); mutir\u00e3o de cal\u00e7amento comunit\u00e1rio nas ruas Zeferino Marques e Rua S\u00e3o Jos\u00e9; em processo de regulariza\u00e7\u00e3o fundi\u00e1ria o n\u00facleo Vila Para\u00edso; reformas do deck, da passarela de acesso \u00e0 Igreja e do pr\u00e9dio da Igreja.<\/p>\n<p><img fetchpriority=\"high\" decoding=\"async\" class=\"alignnone size-full wp-image-6577\" src=\"https:\/\/lrm67.com\/wp-content\/uploads\/2022\/08\/Campo-de-futebol-na-Vila-Sahy-F4.jpg\" alt=\"\" width=\"1600\" height=\"1144\" srcset=\"https:\/\/lrm67.com\/wp-content\/uploads\/2022\/08\/Campo-de-futebol-na-Vila-Sahy-F4.jpg 1600w, https:\/\/lrm67.com\/wp-content\/uploads\/2022\/08\/Campo-de-futebol-na-Vila-Sahy-F4-300x215.jpg 300w, https:\/\/lrm67.com\/wp-content\/uploads\/2022\/08\/Campo-de-futebol-na-Vila-Sahy-F4-1024x732.jpg 1024w, https:\/\/lrm67.com\/wp-content\/uploads\/2022\/08\/Campo-de-futebol-na-Vila-Sahy-F4-768x549.jpg 768w, https:\/\/lrm67.com\/wp-content\/uploads\/2022\/08\/Campo-de-futebol-na-Vila-Sahy-F4-1536x1098.jpg 1536w\" sizes=\"(max-width: 1600px) 100vw, 1600px\" \/><\/p>\n<p style=\"font-weight: 400;\">Al\u00e9m de todo investimento, foi iniciada nesta quinta-feira (04 de agosto de 2022), a constru\u00e7\u00e3o de uma farm\u00e1cia na Vila Sahy. Tamb\u00e9m est\u00e1 em licita\u00e7\u00e3o um rancho de pescadores em Barra do Sahy e, em projeto, a constru\u00e7\u00e3o de creche de Barra do Sahy. H\u00e1 tamb\u00e9m previs\u00e3o de investimento de R$ 13,5 milh\u00f5es do governo do Estado para o recapeamento da SP-055, no trecho de Barra do Sahy a Boraceia.<\/p>\n","protected":false},"excerpt":{"rendered":"<p>O prefeito de S\u00e3o Sebasti\u00e3o, Felipe Augusto, inaugurou nesta quinta-feira (04), o campo de grama sint\u00e9tica da Vila Sahy, em Barra do Sahy, Costa Sul do munic\u00edpio. O prefeito de S\u00e3o Sebasti\u00e3o, Felipe Augusto, inaugurou nesta quinta-feira (04), o campo de grama sint\u00e9tica da Vila Sahy, em Barra do Sahy, Costa Sul do munic\u00edpio. O [&hellip;]<\/p>\n","protected":false},"author":26,"featured_media":6578,"comment_status":"open","ping_status":"open","sticky":false,"template":"","format":"standard","meta":{"footnotes":""},"categories":[11,16,13],"tags":[],"class_list":["post-6576","post","type-post","status-publish","format-standard","has-post-thumbnail","hentry","category-esportes","category-politica","category-sao-sebastiao"],"aioseo_notices":[],"_links":{"self":[{"href":"https:\/\/lrm67.com\/index.php\/wp-json\/wp\/v2\/posts\/6576","targetHints":{"allow":["GET"]}}],"collection":[{"href":"https:\/\/lrm67.com\/index.php\/wp-json\/wp\/v2\/posts"}],"about":[{"href":"https:\/\/lrm67.com\/index.php\/wp-json\/wp\/v2\/types\/post"}],"author":[{"embeddable":true,"href":"https:\/\/lrm67.com\/index.php\/wp-json\/wp\/v2\/users\/26"}],"replies":[{"embeddable":true,"href":"https:\/\/lrm67.com\/index.php\/wp-json\/wp\/v2\/comments?post=6576"}],"version-history":[{"count":1,"href":"https:\/\/lrm67.com\/index.php\/wp-json\/wp\/v2\/posts\/6576\/revisions"}],"predecessor-version":[{"id":6579,"href":"https:\/\/lrm67.com\/index.php\/wp-json\/wp\/v2\/posts\/6576\/revisions\/6579"}],"wp:featuredmedia":[{"embeddable":true,"href":"https:\/\/lrm67.com\/index.php\/wp-json\/wp\/v2\/media\/6578"}],"wp:attachment":[{"href":"https:\/\/lrm67.com\/index.php\/wp-json\/wp\/v2\/media?parent=6576"}],"wp:term":[{"taxonomy":"category","embeddable":true,"href":"https:\/\/lrm67.com\/index.php\/wp-json\/wp\/v2\/categories?post=6576"},{"taxonomy":"post_tag","embeddable":true,"href":"https:\/\/lrm67.com\/index.php\/wp-json\/wp\/v2\/tags?post=6576"}],"curies":[{"name":"wp","href":"https:\/\/api.w.org\/{rel}","templated":true}]}}