{"id":6564,"date":"2022-08-05T10:01:15","date_gmt":"2022-08-05T13:01:15","guid":{"rendered":"https:\/\/lrm67.com\/?p=6564"},"modified":"2022-08-05T10:01:15","modified_gmt":"2022-08-05T13:01:15","slug":"casos-de-dengue-tem-reducao-de-83-no-mes-de-julho-em-relacao-a-junho","status":"publish","type":"post","link":"https:\/\/lrm67.com\/index.php\/2022\/08\/05\/casos-de-dengue-tem-reducao-de-83-no-mes-de-julho-em-relacao-a-junho\/","title":{"rendered":"Casos de dengue t\u00eam redu\u00e7\u00e3o de 83% no m\u00eas de julho em rela\u00e7\u00e3o a junho"},"content":{"rendered":"<p style=\"font-weight: 400;\">A Prefeitura de S\u00e3o Sebasti\u00e3o, por meio do Combate a Endemias, vinculado ao Departamento de Vigil\u00e2ncia em Sa\u00fade da Secretaria de Sa\u00fade (SESAU), apresentou os\u00a0resultados da Avalia\u00e7\u00e3o de Densidade Larv\u00e1ria (ADL) realizada no m\u00eas de julho, com um \u00cdndice de Infesta\u00e7\u00e3o Predial de 1,3%, tr\u00eas pontos percentuais a menos que abril, quando o \u00edndice foi de 4,3%.<\/p>\n<p style=\"font-weight: 400;\">\n<p style=\"font-weight: 400;\">O procedimento visa avaliar a infesta\u00e7\u00e3o do mosquito Aedes aegypti no munic\u00edpio. Apesar da queda, S\u00e3o Sebasti\u00e3o mant\u00e9m\u00a0estado de aten\u00e7\u00e3o, caracterizado por \u00edndices acima de 0,99%.<\/p>\n<p style=\"font-weight: 400;\">\n<p style=\"font-weight: 400;\">O n\u00famero de casos de dengue tamb\u00e9m apresentou uma redu\u00e7\u00e3o dr\u00e1stica em julho, com o registro de 22 casos positivos da doen\u00e7a, 83% a menos que em junho, quando foram contabilizados 131 casos. S\u00e3o Sebasti\u00e3o soma, at\u00e9 o momento, 1.005 casos de dengue.<\/p>\n<p style=\"font-weight: 400;\">\n<p style=\"font-weight: 400;\">A SESAU explica que tanto a queda no\u00a0\u00cdndice de Infesta\u00e7\u00e3o Predial quanto no n\u00famero de casos de dengue se deve ao trabalho que vem sendo realizado pelo\u00a0Combate a Endemias e ao tempo frio e seco caracter\u00edstico do inverno, que \u00e9 desfavor\u00e1vel \u00e0 prolifera\u00e7\u00e3o do mosquito.<\/p>\n<p style=\"font-weight: 400;\">\n<p style=\"font-weight: 400;\">Apesar dos n\u00fameros positivos, a Secretaria pede aos mun\u00edcipes que mantenham as medidas de combate \u00e0 dengue, a fim de eliminar poss\u00edveis criadouros do Aedes Aegypti. Chuvas ocasionais s\u00e3o registradas durante todo o ano no litoral, auxiliando na reprodu\u00e7\u00e3o do mosquito, e os ovos do inseto podem permanecer intactos por meses, dando origem a um novo ciclo no ver\u00e3o, quando o n\u00famero de casos aumenta exponencialmente.<\/p>\n<p style=\"font-weight: 400;\">\n<p style=\"font-weight: 400;\">Entre os principais cuidados que devem ser tomados pela popula\u00e7\u00e3o est\u00e3o vistoria semanal em seus quintais, guardando ou eliminando objetos que possam acumular \u00e1gua, principalmente ap\u00f3s as chuvas; cobertura de caixas d&#8217;\u00e1gua ou piscinas; limpeza de calhas; coloca\u00e7\u00e3o de terra ou areia nos pratos dos vasos de planta; entre outras medidas.<\/p>\n","protected":false},"excerpt":{"rendered":"<p>A Prefeitura de S\u00e3o Sebasti\u00e3o, por meio do Combate a Endemias, vinculado ao Departamento de Vigil\u00e2ncia em Sa\u00fade da Secretaria de Sa\u00fade (SESAU), apresentou os\u00a0resultados da Avalia\u00e7\u00e3o de Densidade Larv\u00e1ria (ADL) realizada no m\u00eas de julho, com um \u00cdndice de Infesta\u00e7\u00e3o Predial de 1,3%, tr\u00eas pontos percentuais a menos que abril, quando o \u00edndice foi [&hellip;]<\/p>\n","protected":false},"author":26,"featured_media":6565,"comment_status":"open","ping_status":"open","sticky":false,"template":"","format":"standard","meta":{"footnotes":""},"categories":[7,13,10],"tags":[],"class_list":["post-6564","post","type-post","status-publish","format-standard","has-post-thumbnail","hentry","category-destaque","category-sao-sebastiao","category-saude"],"aioseo_notices":[],"_links":{"self":[{"href":"https:\/\/lrm67.com\/index.php\/wp-json\/wp\/v2\/posts\/6564","targetHints":{"allow":["GET"]}}],"collection":[{"href":"https:\/\/lrm67.com\/index.php\/wp-json\/wp\/v2\/posts"}],"about":[{"href":"https:\/\/lrm67.com\/index.php\/wp-json\/wp\/v2\/types\/post"}],"author":[{"embeddable":true,"href":"https:\/\/lrm67.com\/index.php\/wp-json\/wp\/v2\/users\/26"}],"replies":[{"embeddable":true,"href":"https:\/\/lrm67.com\/index.php\/wp-json\/wp\/v2\/comments?post=6564"}],"version-history":[{"count":1,"href":"https:\/\/lrm67.com\/index.php\/wp-json\/wp\/v2\/posts\/6564\/revisions"}],"predecessor-version":[{"id":6566,"href":"https:\/\/lrm67.com\/index.php\/wp-json\/wp\/v2\/posts\/6564\/revisions\/6566"}],"wp:featuredmedia":[{"embeddable":true,"href":"https:\/\/lrm67.com\/index.php\/wp-json\/wp\/v2\/media\/6565"}],"wp:attachment":[{"href":"https:\/\/lrm67.com\/index.php\/wp-json\/wp\/v2\/media?parent=6564"}],"wp:term":[{"taxonomy":"category","embeddable":true,"href":"https:\/\/lrm67.com\/index.php\/wp-json\/wp\/v2\/categories?post=6564"},{"taxonomy":"post_tag","embeddable":true,"href":"https:\/\/lrm67.com\/index.php\/wp-json\/wp\/v2\/tags?post=6564"}],"curies":[{"name":"wp","href":"https:\/\/api.w.org\/{rel}","templated":true}]}}