{"id":6543,"date":"2022-08-04T12:49:52","date_gmt":"2022-08-04T15:49:52","guid":{"rendered":"https:\/\/lrm67.com\/?p=6543"},"modified":"2022-08-04T12:59:33","modified_gmt":"2022-08-04T15:59:33","slug":"coronel-stanelis-do-pods-e-nome-forte-do-litoral-norte-pela-mudanca-na-camara-dos-deputados","status":"publish","type":"post","link":"https:\/\/lrm67.com\/index.php\/2022\/08\/04\/coronel-stanelis-do-pods-e-nome-forte-do-litoral-norte-pela-mudanca-na-camara-dos-deputados\/","title":{"rendered":"Coronel Stanelis, do PODEMOS, \u00e9 nome forte do Litoral Norte pela mudan\u00e7a na C\u00e2mara dos Deputados"},"content":{"rendered":"<p>Marcello Ver\u00edssimo<\/p>\n<p>O candidato a deputado federal pelo PODEMOS, Jos\u00e9 Eduardo Stanelis de Aquino, o Coronel Stanelis, 57, quer ser a mudan\u00e7a que o eleitor do Litoral Norte precisa no pr\u00f3ximo dia 2 de outubro. Com sua candidatura oficializada na conven\u00e7\u00e3o partid\u00e1ria, que foi realizada no dia 20 de julho, em S\u00e3o Paulo, tem nas suas ra\u00edzes a Seguran\u00e7a P\u00fablica como alicerce para uma sociedade mais justa e colaborativa. \u201cMeu pai Jos\u00e9 Lopes de Aquino nasceu na Ilha Anchieta, em Ubatuba, na \u00e9poca do pres\u00eddio e se tornou coronel Aquino da Pol\u00edcia Militar, ele implantou a 1\u00aa Companhia de Pol\u00edcia no Litoral Norte, em 1974, e montou o 20\u00ba Batalh\u00e3o, que faz o policiamento da regi\u00e3o toda em 1980\u201d, relembra Stanelis, que \u00e9 filho de cai\u00e7aras e diz que sua fam\u00edlia est\u00e1 no litoral desde os tempos do imp\u00e9rio. \u201cMeu bisav\u00f4 era pescador e pescava para suprir o pres\u00eddio da Ilha Anchieta com peixes, ele era escriv\u00e3o do pres\u00eddio, meus tios foram soldados da for\u00e7a p\u00fablica que tomavam conta do pres\u00eddio da Ilha Anchieta\u201d.<\/p>\n<p>Casado, pai de um casal, de 28 e 21 anos, o coronel Stanelis nasceu em Ribeir\u00e3o Preto, no interior de S\u00e3o Paulo, mas seu esp\u00edrito sempre foi cai\u00e7ara. \u201cNa \u00e9poca, meu pai era tenente da PM e foi mandado para Ribeir\u00e3o Preto, mas praticamente eu s\u00f3 nasci l\u00e1, em 1974 eu j\u00e1 estava em Caraguatatuba, onde fui criado minha vida toda\u201d, ele disse.<\/p>\n<p>Em 2020, o coronel Stanelis diz que foi para a reserva da Pol\u00edcia Militar para concorrer \u00e0s elei\u00e7\u00f5es municipais, onde conquistou quase 10 mil votos, sendo o terceiro candidato mais bem colocado com 14,65% dos votos v\u00e1lidos, exatos 9.424 votos. \u201cCom a proposta de fazer uma campanha limpa, honesta, a mais limpa e honesta da hist\u00f3ria do Litoral Norte. Por causa da pandemia, eu n\u00e3o achei justo usar dinheiro p\u00fablico para fazer pol\u00edtica quando as pessoas estavam morrendo por falta de rem\u00e9dio, de hospital, de leitos e desempregadas precisando de um aux\u00edlio emergencial, eu n\u00e3o achei justo usar esse dinheiro e abrimos m\u00e3o do fundo partid\u00e1rio\u201d, diz ele, enaltecendo que a honestidade deve ser uma caracter\u00edstica essencial para um pol\u00edtico. \u201cTamb\u00e9m n\u00e3o aceitei doa\u00e7\u00e3o de empres\u00e1rios que tivessem algum interesse econ\u00f4mico na prefeitura para n\u00e3o ficar amarrado como normalmente vemos. Fa\u00e7o uma pol\u00edtica s\u00e9ria, n\u00e3o fazemos falsas promessas, e sim tudo exatamente como manda a lei\u201d.<\/p>\n<p>Para Stanelis, o cidad\u00e3o quer mudan\u00e7a e uma de suas principais propostas \u00e9 lutar pela renova\u00e7\u00e3o total do Congresso Nacional. \u201cTrazer pessoas honestas para a pol\u00edtica, trabalhar para que o Brasil se torne uma economia de 1\u00ba mundo com toda infraestrutura que o pa\u00eds precisa para gerar empregos. E as reformas necess\u00e1rias: reforma trabalhista, tribut\u00e1ria, previdenci\u00e1ria, diminui\u00e7\u00e3o da burocracia para que as empresas possam se instalar no pa\u00eds, pois quando a economia cresce os sal\u00e1rios e o n\u00famero de contrata\u00e7\u00f5es tamb\u00e9m aumentam\u201d, diz ele, que se define como \u201cpatriota at\u00e9 o \u00faltimo fio de cabelo\u201d, em seu perfil no Twitter e posta suas mensagens em v\u00eddeos tamb\u00e9m no Instagram onde acumula quase 2 mil seguidores. \u201cA nossa proposta \u00e9 de moderniza\u00e7\u00e3o de toda estrutura do pa\u00eds, defesa da fam\u00edlia, da cidadania, melhorar a seguran\u00e7a p\u00fablica com leis que realmente punam os criminosos e desestimulem as pr\u00e1ticas delituosas\u201d.<\/p>\n<p>Na vis\u00e3o de Stanelis, o que vem acontecendo no Brasil nas \u00faltimas d\u00e9cadas \u00e9 justamente o contr\u00e1rio, com leis beneficiando os criminosos.<\/p>\n<blockquote><p>\u201cSegundo a teoria econ\u00f4mica do crime, a pessoa pratica o crime se ela tiver vantagens, os riscos forem pequenos e as vantagens forem maiores, o proveito do crime for maior. \u00c9 por isso que temos que desestimular o crime com leis mais duras, puni\u00e7\u00f5es mais duras e gerando empregos\u201d.<\/p><\/blockquote>\n<p>Outra bandeira de Stanelis diz respeito \u00e0s crian\u00e7as, ele quer tir\u00e1-las das ruas.<\/p>\n<blockquote><p>\u201cSou defensor da educa\u00e7\u00e3o integral, a Uni\u00e3o deve contribuir com as prefeituras no sentido de fornecer a estrutura e condi\u00e7\u00f5es financeiras adequadas para que as cidades tenham esse sistema. As crian\u00e7as quando n\u00e3o est\u00e3o na escola est\u00e3o nas ruas, e nas ruas tem ped\u00f3filos, traficantes e m\u00e1s influ\u00eancias. Nosso projeto \u00e9 tirar as crian\u00e7as das ruas, terem aulas normais, uma alimenta\u00e7\u00e3o saud\u00e1vel na escola com caf\u00e9 da manh\u00e3, almo\u00e7o e jantar, al\u00e9m de investir na qualifica\u00e7\u00e3o profissional, ensin\u00e1-los a empreender, para podermos fazer um Brasil melhor\u201d.<\/p><\/blockquote>\n<p><strong>Apoio <\/strong><\/p>\n<p>Stanelis tem o apoio do deputado estadual Paulo C\u00f4rrea J\u00fanior (PSD). \u201cEle tem ajudado muito o nosso Litoral Norte, como na emenda parlamentar da Santa Casa de Ubatuba, mandou R$ 1,7 milh\u00e3o para a reforma do entreposto de pesca do Camaroeiro, em Caragu\u00e1, todos nossos pedidos, ele tem se esfor\u00e7ado muito\u201d, garante Jos\u00e9 Eduardo Stanelis. \u201c\u00c9 um deputado que realmente se interessa e faz a diferen\u00e7a pelo nosso Litoral Norte, olha por todos nossos munic\u00edpios e temos que ter representa\u00e7\u00e3o por deputados da regi\u00e3o tanto federal quanto estadual\u201d.<\/p>\n<p>Para Stanelis, \u00e9 preciso, primeiro, desenvolver economicamente o Brasil. \u201cPara que se possa fazer as reformas, gerar os empregos que o pa\u00eds precisa e isso s\u00f3 se faz com o capitalismo que \u00e9 quem produz o dinheiro, mas n\u00e3o um capitalismo selvagem e irracional que explora as pessoas. Um modelo de capitalismo social, que a renda possa ser gerada com distribui\u00e7\u00e3o igualit\u00e1ria a todas as pessoas\u201d.<\/p>\n","protected":false},"excerpt":{"rendered":"<p>Marcello Ver\u00edssimo O candidato a deputado federal pelo PODEMOS, Jos\u00e9 Eduardo Stanelis de Aquino, o Coronel Stanelis, 57, quer ser a mudan\u00e7a que o eleitor do Litoral Norte precisa no pr\u00f3ximo dia 2 de outubro. Com sua candidatura oficializada na conven\u00e7\u00e3o partid\u00e1ria, que foi realizada no dia 20 de julho, em S\u00e3o Paulo, tem nas [&hellip;]<\/p>\n","protected":false},"author":26,"featured_media":6544,"comment_status":"open","ping_status":"open","sticky":false,"template":"","format":"standard","meta":{"footnotes":""},"categories":[8,7,39,16],"tags":[],"class_list":["post-6543","post","type-post","status-publish","format-standard","has-post-thumbnail","hentry","category-caraguatatuba","category-destaque","category-eleicoes-2022","category-politica"],"aioseo_notices":[],"_links":{"self":[{"href":"https:\/\/lrm67.com\/index.php\/wp-json\/wp\/v2\/posts\/6543","targetHints":{"allow":["GET"]}}],"collection":[{"href":"https:\/\/lrm67.com\/index.php\/wp-json\/wp\/v2\/posts"}],"about":[{"href":"https:\/\/lrm67.com\/index.php\/wp-json\/wp\/v2\/types\/post"}],"author":[{"embeddable":true,"href":"https:\/\/lrm67.com\/index.php\/wp-json\/wp\/v2\/users\/26"}],"replies":[{"embeddable":true,"href":"https:\/\/lrm67.com\/index.php\/wp-json\/wp\/v2\/comments?post=6543"}],"version-history":[{"count":3,"href":"https:\/\/lrm67.com\/index.php\/wp-json\/wp\/v2\/posts\/6543\/revisions"}],"predecessor-version":[{"id":6547,"href":"https:\/\/lrm67.com\/index.php\/wp-json\/wp\/v2\/posts\/6543\/revisions\/6547"}],"wp:featuredmedia":[{"embeddable":true,"href":"https:\/\/lrm67.com\/index.php\/wp-json\/wp\/v2\/media\/6544"}],"wp:attachment":[{"href":"https:\/\/lrm67.com\/index.php\/wp-json\/wp\/v2\/media?parent=6543"}],"wp:term":[{"taxonomy":"category","embeddable":true,"href":"https:\/\/lrm67.com\/index.php\/wp-json\/wp\/v2\/categories?post=6543"},{"taxonomy":"post_tag","embeddable":true,"href":"https:\/\/lrm67.com\/index.php\/wp-json\/wp\/v2\/tags?post=6543"}],"curies":[{"name":"wp","href":"https:\/\/api.w.org\/{rel}","templated":true}]}}