{"id":6540,"date":"2022-08-04T12:43:58","date_gmt":"2022-08-04T15:43:58","guid":{"rendered":"https:\/\/lrm67.com\/?p=6540"},"modified":"2022-08-04T12:43:58","modified_gmt":"2022-08-04T15:43:58","slug":"rodrigo-garcia-escolhe-candidato-a-vice-para-o-governo-de-sp-nome-para-o-senado-tambem-e-definido","status":"publish","type":"post","link":"https:\/\/lrm67.com\/index.php\/2022\/08\/04\/rodrigo-garcia-escolhe-candidato-a-vice-para-o-governo-de-sp-nome-para-o-senado-tambem-e-definido\/","title":{"rendered":"Rodrigo Garcia escolhe candidato a vice para o governo de SP; nome para o Senado tamb\u00e9m \u00e9 definido"},"content":{"rendered":"<p>O deputado federal Geninho Zuliani, do Uni\u00e3o Brasil, ser\u00e1 o candidato a vice e o ex-secret\u00e1rio de Sa\u00fade da capital Edson Aparecido, do MDB, foi escolhido como nome para o Senado na chapa de Rodrigo Garcia (PSDB) para concorrer \u00e0s elei\u00e7\u00f5es de outubro em S\u00e3o Paulo. O an\u00fancio foi confirmado nesta quinta-feira (4) pela pr\u00e9-campanha, que, al\u00e9m de PSDB, Uni\u00e3o Brasil e MDB, re\u00fane Podemos, Cidadania, Solidariedade, PROS, Avante, Patriota e PP.<\/p>\n<p>Geninho Zuliani nasceu em Ribeir\u00e3o Pires e se mudou ainda na inf\u00e2ncia para Ol\u00edmpia, onde fez carreira pol\u00edtica como vereador e prefeito da cidade. Ele \u00e9 formado em gest\u00e3o p\u00fablica pela Unisul (Universidade do Sul de Santa Catarina) e \u00e9 p\u00f3s-graduado em Master em Lideran\u00e7a e Gest\u00e3o pelo CLP (Centro de Lideran\u00e7as P\u00fablicas).<\/p>\n<p>Em Ol\u00edmpia, Geninho apostou no turismo. O munic\u00edpio passou a ser considerado a primeira cidade tur\u00edstica de S\u00e3o Paulo e recebe mais de 3 milh\u00f5es de visitantes por ano. Com isso, Ol\u00edmpia, que antes era praticamente dependente da agricultura, conseguiu uma nova fonte de renda.<\/p>\n<p>A primeira elei\u00e7\u00e3o como vereador de Geninho ocorreu em 1996 e, ap\u00f3s ser reeleito, ele se tornou presidente da C\u00e2mara. Em seguida, disputou elei\u00e7\u00e3o no Executivo. Tornou-se o mais jovem prefeito da cidade nas elei\u00e7\u00f5es de 2008. Reelegeu-se com vota\u00e7\u00e3o recorde em 2012.<\/p>\n<p>Em 2018, ele concorreu a deputado federal. Foi eleito com quase 90 mil votos e, em tr\u00eas anos e meio de mandato, apresentou mais de 900 propostas legislativas na C\u00e2mara dos Deputados. Ele ficou conhecido ap\u00f3s a aprova\u00e7\u00e3o do Marco Legal do Saneamento B\u00e1sico, institu\u00eddo por meio da lei n\u00ba 14.026\/2020, da qual foi relator.<\/p>\n<p>Casado e pai de tr\u00eas filhos, Geninho Zuliani \u00e9 presidente do Uni\u00e3o Brasil em S\u00e3o Jos\u00e9 do Rio Preto, onde mora com a fam\u00edlia.<\/p>\n<p><strong>Escolha para senador: Edson Aparecido<\/strong><\/p>\n<p>A escolha de Edson Aparecido se deu pela sua vasta experi\u00eancia como homem p\u00fablico, coroada pela recente atua\u00e7\u00e3o \u00e0 frente da Secretaria de Sa\u00fade na capital na gest\u00e3o de Bruno Covas e Ricardo Nunes, durante o enfrentamento da pandemia.<\/p>\n<p>Nascido em S\u00e3o Paulo em 1957, Edson Aparecido dos Santos iniciou sua trajet\u00f3ria pol\u00edtica na d\u00e9cada de 1970, ao participar de movimentos estudantis e do movimento Diretas J\u00e1. \u00c9 formado em hist\u00f3ria pela PUC-SP (Pontif\u00edcia Universidade Cat\u00f3lica de S\u00e3o Paulo).<\/p>\n<p>Ele participou da coordena\u00e7\u00e3o da campanha de M\u00e1rio Covas para presidente em 1989. Atuou como coordenador da campanha de Jos\u00e9 Serra para o Senado em 1994 e, de 1995 a 1997, foi assessor pol\u00edtico do ent\u00e3o ministro das Comunica\u00e7\u00f5es, S\u00e9rgio Motta. Teve dois mandatos como deputado estadual (1999 a 2006) e dois como deputado federal (2007 a 2014).<\/p>\n<p>Edson foi secret\u00e1rio de Desenvolvimento Metropolitano em 2011 e, em seguida, secret\u00e1rio de Estado da Casa Civil, permanecendo at\u00e9 2014 no cargo. Voltou para a Casa Civil em 2015 e deixou o cargo em 2017 para assumir a Cohab (Companhia Metropolitana de Habita\u00e7\u00e3o). Foi em 2018 que assumiu a Secretaria de Sa\u00fade da capital, tendo como maior desafio o enfrentamento da pandemia da Covid-19 na maior cidade da Am\u00e9rica Latina. Edson \u00e9 casado e tem dois filhos.<\/p>\n<pre>Fonte: R7\r\nFoto: Edu Garcia<\/pre>\n","protected":false},"excerpt":{"rendered":"<p>O deputado federal Geninho Zuliani, do Uni\u00e3o Brasil, ser\u00e1 o candidato a vice e o ex-secret\u00e1rio de Sa\u00fade da capital Edson Aparecido, do MDB, foi escolhido como nome para o Senado na chapa de Rodrigo Garcia (PSDB) para concorrer \u00e0s elei\u00e7\u00f5es de outubro em S\u00e3o Paulo. O an\u00fancio foi confirmado nesta quinta-feira (4) pela pr\u00e9-campanha, [&hellip;]<\/p>\n","protected":false},"author":26,"featured_media":6541,"comment_status":"open","ping_status":"open","sticky":false,"template":"","format":"standard","meta":{"footnotes":""},"categories":[39,16],"tags":[],"class_list":["post-6540","post","type-post","status-publish","format-standard","has-post-thumbnail","hentry","category-eleicoes-2022","category-politica"],"aioseo_notices":[],"_links":{"self":[{"href":"https:\/\/lrm67.com\/index.php\/wp-json\/wp\/v2\/posts\/6540","targetHints":{"allow":["GET"]}}],"collection":[{"href":"https:\/\/lrm67.com\/index.php\/wp-json\/wp\/v2\/posts"}],"about":[{"href":"https:\/\/lrm67.com\/index.php\/wp-json\/wp\/v2\/types\/post"}],"author":[{"embeddable":true,"href":"https:\/\/lrm67.com\/index.php\/wp-json\/wp\/v2\/users\/26"}],"replies":[{"embeddable":true,"href":"https:\/\/lrm67.com\/index.php\/wp-json\/wp\/v2\/comments?post=6540"}],"version-history":[{"count":1,"href":"https:\/\/lrm67.com\/index.php\/wp-json\/wp\/v2\/posts\/6540\/revisions"}],"predecessor-version":[{"id":6542,"href":"https:\/\/lrm67.com\/index.php\/wp-json\/wp\/v2\/posts\/6540\/revisions\/6542"}],"wp:featuredmedia":[{"embeddable":true,"href":"https:\/\/lrm67.com\/index.php\/wp-json\/wp\/v2\/media\/6541"}],"wp:attachment":[{"href":"https:\/\/lrm67.com\/index.php\/wp-json\/wp\/v2\/media?parent=6540"}],"wp:term":[{"taxonomy":"category","embeddable":true,"href":"https:\/\/lrm67.com\/index.php\/wp-json\/wp\/v2\/categories?post=6540"},{"taxonomy":"post_tag","embeddable":true,"href":"https:\/\/lrm67.com\/index.php\/wp-json\/wp\/v2\/tags?post=6540"}],"curies":[{"name":"wp","href":"https:\/\/api.w.org\/{rel}","templated":true}]}}