{"id":6525,"date":"2022-08-04T11:52:53","date_gmt":"2022-08-04T14:52:53","guid":{"rendered":"https:\/\/lrm67.com\/?p=6525"},"modified":"2022-08-04T11:52:53","modified_gmt":"2022-08-04T14:52:53","slug":"com-praticas-sustentaveis-festival-de-vela-de-caragua-tem-inicio-nesta-sexta-feira","status":"publish","type":"post","link":"https:\/\/lrm67.com\/index.php\/2022\/08\/04\/com-praticas-sustentaveis-festival-de-vela-de-caragua-tem-inicio-nesta-sexta-feira\/","title":{"rendered":"Com pr\u00e1ticas sustent\u00e1veis, Festival de Vela de Caragu\u00e1 tem in\u00edcio nesta sexta-feira"},"content":{"rendered":"<p>O Festival de Vela de Caragu\u00e1, organizado pela Prefeitura, em parceria com a Confedera\u00e7\u00e3o Brasileira de Vela (CBVela), come\u00e7a nesta sexta-feira (5) na Praia do Centro.<\/p>\n<p>Essa ser\u00e1 a primeira edi\u00e7\u00e3o do evento, que vai at\u00e9 o domingo (7) ao lado da Pra\u00e7a da Cultura, juntamente com o Circuito P\u00e9 na Areia, respons\u00e1vel por promover atividades culturais, esportivas e de lazer para toda a fam\u00edlia.<\/p>\n<p>A atra\u00e7\u00e3o se destaca por unir dois grandes projetos e tamb\u00e9m por apostar em trazer visibilidade para quest\u00f5es ambientais, adotando pr\u00e1ticas sustent\u00e1veis com orienta\u00e7\u00e3o da Agenda 2030 da Organiza\u00e7\u00e3o das Na\u00e7\u00f5es Unidas (ONU) e os 17 Objetivos de Desenvolvimento Sustent\u00e1vel (ODS) para reduzir a emiss\u00e3o de carbono.<\/p>\n<p>O Circuito P\u00e9 na Areia, programa de incentivo ao esporte e cultura promovido pela Secretaria de Esportes do Governo do Estado de S\u00e3o Paulo, \u00e9 certificado como \u2018Evento Neutro de Carbono\u2019 e toda a sua produ\u00e7\u00e3o \u00e9 pensada para minimizar os impactos ambientais da realiza\u00e7\u00e3o do evento.<\/p>\n<p>Para reduzir a pegada de carbono, o Circuito utiliza um caminh\u00e3o-palco movido a g\u00e1s natural, combust\u00edvel que emite 27% menos gases do efeito estufa quando comparado ao \u00f3leo diesel, segundo estudo do Banco Nacional de Desenvolvimento Econ\u00f4mico e Social (BNDES).<\/p>\n<p>Al\u00e9m disso, as embarca\u00e7\u00f5es da comiss\u00e3o de regatas, salvatagem e dos t\u00e9cnicos da competi\u00e7\u00e3o de vela, movidos\u00a0a\u00a0combust\u00edveis\u00a0f\u00f3sseis, ter\u00e3o seu impacto dimensionado para assegurar a devida neutraliza\u00e7\u00e3o das\u00a0emiss\u00f5es, por meio do plantio de mudas de \u00e1rvores no entorno do Rio Juqueriquer\u00ea. A a\u00e7\u00e3o tamb\u00e9m ser\u00e1 realizada pela iniciativa P\u00e9 na Areia.<\/p>\n<p>Outra medida adotada pela organiza\u00e7\u00e3o ser\u00e1 a coleta seletiva de res\u00edduos e servi\u00e7o prestado por cooperativas de reciclagem contatadas nas localidades.\u00a0E mais, as compras de produtos necess\u00e1rios ao evento e contrata\u00e7\u00f5es de profissionais de apoio ser\u00e3o feitas localmente.<\/p>\n<p><strong>1\u00ba Festival de Vela de Caragu\u00e1 <\/strong><\/p>\n<p>O evento contar\u00e1 com a participa\u00e7\u00e3o de mais de 10 classes da vela, inclusive ol\u00edmpicas. A expectativa \u00e9 de que a atra\u00e7\u00e3o re\u00fana mais de 100 velejadores de todo o Brasil. Nesta primeira edi\u00e7\u00e3o, a atra\u00e7\u00e3o esportiva ter\u00e1 uma s\u00e9rie \u00fanica com seis regatas programadas para todas as classes convidadas. A ideia da CBVela \u00e9 reunir atletas jovens e experientes em uma \u00fanica competi\u00e7\u00e3o com o objetivo de fomentar o esporte entre os iniciantes e o p\u00fablico local.<\/p>\n<p>Na programa\u00e7\u00e3o do Circuito, que ocorre no s\u00e1bado (6) e domingo (7), o p\u00fablico poder\u00e1 aproveitar atividades gratuitas, como aulas em 14 modalidades esportivas e outras pr\u00e1ticas, incluindo futev\u00f4lei, frescobol, badminton, yoga, capoeira, slackline, jogos de tabuleiro, al\u00e9m de uma caminhada de 3k, apresenta\u00e7\u00f5es teatrais e musicais.<\/p>\n<p>Para participar das a\u00e7\u00f5es, basta comparecer na arena do evento na Pra\u00e7a da Cultura, no per\u00edodo das 9h \u00e0s 17h. As apresenta\u00e7\u00f5es musicais v\u00e3o at\u00e9 \u00e0s 22h no s\u00e1bado e 21h30 no domingo. No caso da caminhada, que ocorre no s\u00e1bado, \u00e0s 8h, \u00e9 preciso realizar inscri\u00e7\u00e3o pr\u00e9via no site\u00a0<a href=\"https:\/\/circuitopenaareiaoficial.com.br\/\">www.circuitopenaareiaoficial.com.br<\/a>.<\/p>\n<p>Durante o festival, ainda ser\u00e3o realizados passeios n\u00e1uticos gratuitos, oferecidos com o objetivo de promover a modalidade e levar mais conhecimento sobre as categorias de vela. O evento tamb\u00e9m contar\u00e1 com pra\u00e7a de alimenta\u00e7\u00e3o e estrutura completa para receber o p\u00fablico.<\/p>\n","protected":false},"excerpt":{"rendered":"<p>O Festival de Vela de Caragu\u00e1, organizado pela Prefeitura, em parceria com a Confedera\u00e7\u00e3o Brasileira de Vela (CBVela), come\u00e7a nesta sexta-feira (5) na Praia do Centro. Essa ser\u00e1 a primeira edi\u00e7\u00e3o do evento, que vai at\u00e9 o domingo (7) ao lado da Pra\u00e7a da Cultura, juntamente com o Circuito P\u00e9 na Areia, respons\u00e1vel por promover [&hellip;]<\/p>\n","protected":false},"author":26,"featured_media":6526,"comment_status":"open","ping_status":"open","sticky":false,"template":"","format":"standard","meta":{"footnotes":""},"categories":[8,12],"tags":[],"class_list":["post-6525","post","type-post","status-publish","format-standard","has-post-thumbnail","hentry","category-caraguatatuba","category-eventos"],"aioseo_notices":[],"_links":{"self":[{"href":"https:\/\/lrm67.com\/index.php\/wp-json\/wp\/v2\/posts\/6525","targetHints":{"allow":["GET"]}}],"collection":[{"href":"https:\/\/lrm67.com\/index.php\/wp-json\/wp\/v2\/posts"}],"about":[{"href":"https:\/\/lrm67.com\/index.php\/wp-json\/wp\/v2\/types\/post"}],"author":[{"embeddable":true,"href":"https:\/\/lrm67.com\/index.php\/wp-json\/wp\/v2\/users\/26"}],"replies":[{"embeddable":true,"href":"https:\/\/lrm67.com\/index.php\/wp-json\/wp\/v2\/comments?post=6525"}],"version-history":[{"count":1,"href":"https:\/\/lrm67.com\/index.php\/wp-json\/wp\/v2\/posts\/6525\/revisions"}],"predecessor-version":[{"id":6527,"href":"https:\/\/lrm67.com\/index.php\/wp-json\/wp\/v2\/posts\/6525\/revisions\/6527"}],"wp:featuredmedia":[{"embeddable":true,"href":"https:\/\/lrm67.com\/index.php\/wp-json\/wp\/v2\/media\/6526"}],"wp:attachment":[{"href":"https:\/\/lrm67.com\/index.php\/wp-json\/wp\/v2\/media?parent=6525"}],"wp:term":[{"taxonomy":"category","embeddable":true,"href":"https:\/\/lrm67.com\/index.php\/wp-json\/wp\/v2\/categories?post=6525"},{"taxonomy":"post_tag","embeddable":true,"href":"https:\/\/lrm67.com\/index.php\/wp-json\/wp\/v2\/tags?post=6525"}],"curies":[{"name":"wp","href":"https:\/\/api.w.org\/{rel}","templated":true}]}}