{"id":6346,"date":"2022-07-29T15:34:51","date_gmt":"2022-07-29T18:34:51","guid":{"rendered":"https:\/\/lrm67.com\/?p=6346"},"modified":"2022-07-29T19:13:48","modified_gmt":"2022-07-29T22:13:48","slug":"prefeitura-de-sao-sebastiao-promove-reuniao-comunitaria-para-apresentacao-de-informacoes-sobre-nucleos-congelados-em-boraceia-2","status":"publish","type":"post","link":"https:\/\/lrm67.com\/index.php\/2022\/07\/29\/prefeitura-de-sao-sebastiao-promove-reuniao-comunitaria-para-apresentacao-de-informacoes-sobre-nucleos-congelados-em-boraceia-2\/","title":{"rendered":"Prefeitura de S\u00e3o Sebasti\u00e3o promove reuni\u00e3o comunit\u00e1ria para apresenta\u00e7\u00e3o de informa\u00e7\u00f5es sobre n\u00facleos congelados em Boraceia"},"content":{"rendered":"<p style=\"font-weight: 400;\">A Prefeitura de S\u00e3o Sebasti\u00e3o, por meio da Secretaria de Habita\u00e7\u00e3o e Regulariza\u00e7\u00e3o Fundi\u00e1ria (SEHAB), promoveu, nesta quinta-feira (28), reuni\u00e3o comunit\u00e1ria com os moradores\u00a0dos n\u00facleos urbanos informais congelados n.\u00ba 43 (Avenida Osasco), n.\u00ba 44 (Alameda Bariri), n.\u00b0 55 (Pirassununga), n.\u00ba 56 (Alameda Paranapiacaba) e n.\u00ba 58 (Alameda S\u00e3o Caetano), no bairro Boraceia.<\/p>\n<p style=\"font-weight: 400;\">A reuni\u00e3o aconteceu \u00e0s 19h na sede da Associa\u00e7\u00e3o do Bairro Boraceia (A.A.P.P.S.S.).<\/p>\n<p style=\"font-weight: 400;\">O objetivo foi apresentar aos moradores as informa\u00e7\u00f5es referentes ao processo de regulariza\u00e7\u00e3o fundi\u00e1ria, que se encontra avan\u00e7ado nesses locais.<\/p>\n<p style=\"font-weight: 400;\">A Secretaria de Habita\u00e7\u00e3o e Regulariza\u00e7\u00e3o Fundi\u00e1ria fica na Rua Cidade de Santos, n.\u00ba 222, na Vila Am\u00e9lia. Os telefones s\u00e3o (12) 3892-6568 e (12) 3867-1764.<\/p>\n","protected":false},"excerpt":{"rendered":"<p>A Prefeitura de S\u00e3o Sebasti\u00e3o, por meio da Secretaria de Habita\u00e7\u00e3o e Regulariza\u00e7\u00e3o Fundi\u00e1ria (SEHAB), promoveu, nesta quinta-feira (28), reuni\u00e3o comunit\u00e1ria com os moradores\u00a0dos n\u00facleos urbanos informais congelados n.\u00ba 43 (Avenida Osasco), n.\u00ba 44 (Alameda Bariri), n.\u00b0 55 (Pirassununga), n.\u00ba 56 (Alameda Paranapiacaba) e n.\u00ba 58 (Alameda S\u00e3o Caetano), no bairro Boraceia. A reuni\u00e3o aconteceu [&hellip;]<\/p>\n","protected":false},"author":26,"featured_media":6347,"comment_status":"open","ping_status":"open","sticky":false,"template":"","format":"standard","meta":{"footnotes":""},"categories":[2,13],"tags":[],"class_list":["post-6346","post","type-post","status-publish","format-standard","has-post-thumbnail","hentry","category-geral","category-sao-sebastiao"],"aioseo_notices":[],"_links":{"self":[{"href":"https:\/\/lrm67.com\/index.php\/wp-json\/wp\/v2\/posts\/6346","targetHints":{"allow":["GET"]}}],"collection":[{"href":"https:\/\/lrm67.com\/index.php\/wp-json\/wp\/v2\/posts"}],"about":[{"href":"https:\/\/lrm67.com\/index.php\/wp-json\/wp\/v2\/types\/post"}],"author":[{"embeddable":true,"href":"https:\/\/lrm67.com\/index.php\/wp-json\/wp\/v2\/users\/26"}],"replies":[{"embeddable":true,"href":"https:\/\/lrm67.com\/index.php\/wp-json\/wp\/v2\/comments?post=6346"}],"version-history":[{"count":2,"href":"https:\/\/lrm67.com\/index.php\/wp-json\/wp\/v2\/posts\/6346\/revisions"}],"predecessor-version":[{"id":6362,"href":"https:\/\/lrm67.com\/index.php\/wp-json\/wp\/v2\/posts\/6346\/revisions\/6362"}],"wp:featuredmedia":[{"embeddable":true,"href":"https:\/\/lrm67.com\/index.php\/wp-json\/wp\/v2\/media\/6347"}],"wp:attachment":[{"href":"https:\/\/lrm67.com\/index.php\/wp-json\/wp\/v2\/media?parent=6346"}],"wp:term":[{"taxonomy":"category","embeddable":true,"href":"https:\/\/lrm67.com\/index.php\/wp-json\/wp\/v2\/categories?post=6346"},{"taxonomy":"post_tag","embeddable":true,"href":"https:\/\/lrm67.com\/index.php\/wp-json\/wp\/v2\/tags?post=6346"}],"curies":[{"name":"wp","href":"https:\/\/api.w.org\/{rel}","templated":true}]}}