{"id":6324,"date":"2022-07-28T16:39:56","date_gmt":"2022-07-28T19:39:56","guid":{"rendered":"https:\/\/lrm67.com\/?p=6324"},"modified":"2022-07-28T16:39:56","modified_gmt":"2022-07-28T19:39:56","slug":"prefeito-toninho-colucci-entrega-escola-civico-municipal-de-ilhabela-senador-major-olimpio-nesta-sexta-feira","status":"publish","type":"post","link":"https:\/\/lrm67.com\/index.php\/2022\/07\/28\/prefeito-toninho-colucci-entrega-escola-civico-municipal-de-ilhabela-senador-major-olimpio-nesta-sexta-feira\/","title":{"rendered":"Prefeito Toninho Colucci entrega Escola C\u00edvico Municipal de Ilhabela &#8211; \u201cSenador Major Ol\u00edmpio\u201d nesta sexta-feira"},"content":{"rendered":"<p style=\"font-weight: 400;\">\n<p style=\"font-weight: 400;\">O Prefeito de Ilhabela, Toninho Colucci, inaugura nesta sexta-feira (29\/7), \u00e0s 16h, a nova Escola C\u00edvico Municipal de Ilhabela, no bairro do Reino. A unidade \u00e9 a primeira no Litoral Norte de S\u00e3o Paulo nos moldes do Programa Nacional das Escolas C\u00edvico-Militares e leva o nome do Senador Major Ol\u00edmpio Gomes, que faleceu v\u00edtima da Covid-19 em 2021.<\/p>\n<p style=\"font-weight: 400;\">Major Ol\u00edmpio, como era popularmente conhecido, frequentou Ilhabela por muitos anos e considerava a cidade como seu segundo lar. Era apaixonado pelo munic\u00edpio e sempre encaminhava emendas Estaduais e Federais que contribu\u00edram positivamente para melhoria de vida da popula\u00e7\u00e3o ilhabelense.<\/p>\n<p style=\"font-weight: 400;\">A inaugura\u00e7\u00e3o ter\u00e1 a presen\u00e7a de autoridades civis e militares, al\u00e9m da sociedade civil e organizada e contar\u00e1 com a apresenta\u00e7\u00e3o da Banda da Pol\u00edcia Militar do Estado de S\u00e3o Paulo.<\/p>\n<p style=\"font-weight: 400;\">\u201cIlhabela ser\u00e1 a primeira cidade do Litoral Norte a ter uma escola nos moldes de uma escola c\u00edvico-militar. Mais uma op\u00e7\u00e3o de ensino \u00e0s fam\u00edlias da nossa cidade de inserir os filhos em um sistema de ensino p\u00fablico diferenciado, com foco nos valores c\u00edvicos, diferente do convencional\u201d, destaca o Prefeito Toninho Colucci.<\/p>\n<p style=\"font-weight: 400;\">A nova escola ter\u00e1 10 salas de aula (com capacidade para 25 alunos), salas de Arte, Rob\u00f3tica e Leitura, al\u00e9m das \u00e1reas administrativas, cozinha, refeit\u00f3rio, quadra e academia ao ar livre. J\u00e1 foram inscritos cerca de 170 alunos, sendo que todos os inscritos, est\u00e3o matriculados. Oito salas j\u00e1 est\u00e3o completas e prontas para o segundo semestre letivo, que come\u00e7a j\u00e1 nesta segunda-feira (1\/8), no per\u00edodo das 8h \u00e0s 16h.<\/p>\n<p style=\"font-weight: 400;\"><strong>Audi\u00eancia P\u00fablica<\/strong><\/p>\n<p style=\"font-weight: 400;\">A Prefeitura de Ilhabela realizou na \u00faltima ter\u00e7a-feira (26\/7), no audit\u00f3rio do Pa\u00e7o Municipal, uma audi\u00eancia p\u00fablica para tratar sobre a nova escola, a pedido do Conselho Municipal de Educa\u00e7\u00e3o. O encontro reuniu mais de 120 pessoas no local e mais de 200 de forma remota, que participaram com d\u00favidas, opini\u00f5es e sugest\u00f5es. O Prefeito Toninho Colucci e a secret\u00e1ria de Educa\u00e7\u00e3o, L\u00eddia Sarmento responderam a todos os apontamentos.<\/p>\n<p style=\"font-weight: 400;\"><strong>Sobre o programa<\/strong><\/p>\n<p style=\"font-weight: 400;\">O Programa Nacional das Escolas C\u00edvico-Militares \u00e9 uma iniciativa do Minist\u00e9rio da Educa\u00e7\u00e3o, em parceria com o Minist\u00e9rio da Defesa, que apresenta um conceito de gest\u00e3o nas \u00e1reas educacional, did\u00e1tico-pedag\u00f3gico e administrativa. O Pa\u00eds conta hoje com mais de 200 escolas c\u00edvico-militares, que j\u00e1 indicam registros positivos da educa\u00e7\u00e3o, ap\u00f3s a instala\u00e7\u00e3o dessas unidades, como a melhora no \u00cdndice de Desenvolvimento da Educa\u00e7\u00e3o B\u00e1sica (Ideb), redu\u00e7\u00e3o significativa na evas\u00e3o escolar e o aumento de alunos estudando no ensino correto.<\/p>\n","protected":false},"excerpt":{"rendered":"<p>O Prefeito de Ilhabela, Toninho Colucci, inaugura nesta sexta-feira (29\/7), \u00e0s 16h, a nova Escola C\u00edvico Municipal de Ilhabela, no bairro do Reino. A unidade \u00e9 a primeira no Litoral Norte de S\u00e3o Paulo nos moldes do Programa Nacional das Escolas C\u00edvico-Militares e leva o nome do Senador Major Ol\u00edmpio Gomes, que faleceu v\u00edtima da [&hellip;]<\/p>\n","protected":false},"author":26,"featured_media":6325,"comment_status":"open","ping_status":"open","sticky":false,"template":"","format":"standard","meta":{"footnotes":""},"categories":[7,3,16],"tags":[],"class_list":["post-6324","post","type-post","status-publish","format-standard","has-post-thumbnail","hentry","category-destaque","category-ilhabela","category-politica"],"aioseo_notices":[],"_links":{"self":[{"href":"https:\/\/lrm67.com\/index.php\/wp-json\/wp\/v2\/posts\/6324","targetHints":{"allow":["GET"]}}],"collection":[{"href":"https:\/\/lrm67.com\/index.php\/wp-json\/wp\/v2\/posts"}],"about":[{"href":"https:\/\/lrm67.com\/index.php\/wp-json\/wp\/v2\/types\/post"}],"author":[{"embeddable":true,"href":"https:\/\/lrm67.com\/index.php\/wp-json\/wp\/v2\/users\/26"}],"replies":[{"embeddable":true,"href":"https:\/\/lrm67.com\/index.php\/wp-json\/wp\/v2\/comments?post=6324"}],"version-history":[{"count":1,"href":"https:\/\/lrm67.com\/index.php\/wp-json\/wp\/v2\/posts\/6324\/revisions"}],"predecessor-version":[{"id":6326,"href":"https:\/\/lrm67.com\/index.php\/wp-json\/wp\/v2\/posts\/6324\/revisions\/6326"}],"wp:featuredmedia":[{"embeddable":true,"href":"https:\/\/lrm67.com\/index.php\/wp-json\/wp\/v2\/media\/6325"}],"wp:attachment":[{"href":"https:\/\/lrm67.com\/index.php\/wp-json\/wp\/v2\/media?parent=6324"}],"wp:term":[{"taxonomy":"category","embeddable":true,"href":"https:\/\/lrm67.com\/index.php\/wp-json\/wp\/v2\/categories?post=6324"},{"taxonomy":"post_tag","embeddable":true,"href":"https:\/\/lrm67.com\/index.php\/wp-json\/wp\/v2\/tags?post=6324"}],"curies":[{"name":"wp","href":"https:\/\/api.w.org\/{rel}","templated":true}]}}