{"id":6033,"date":"2022-07-19T18:37:38","date_gmt":"2022-07-19T21:37:38","guid":{"rendered":"https:\/\/lrm67.com\/?p=6033"},"modified":"2022-07-19T18:37:38","modified_gmt":"2022-07-19T21:37:38","slug":"prefeitura-de-ilhabela-inicia-matriculas-para-a-escola-civico-municipal","status":"publish","type":"post","link":"https:\/\/lrm67.com\/index.php\/2022\/07\/19\/prefeitura-de-ilhabela-inicia-matriculas-para-a-escola-civico-municipal\/","title":{"rendered":"Prefeitura de Ilhabela inicia matr\u00edculas para a Escola C\u00edvico Municipal"},"content":{"rendered":"<p style=\"font-weight: 400;\">A Prefeitura de Ilhabela iniciou nesta segunda-feira (18), a efetiva\u00e7\u00e3o das matriculas para a Escola C\u00edvico Municipal, que seguem at\u00e9 sexta-feira (22). As novas matr\u00edculas s\u00e3o para compor as classes dos 6\u00ba, 7\u00ba e 8\u00ba anos, que n\u00e3o completaram o n\u00famero m\u00e1ximo de 25 alunos. Os alunos que tiveram a inscri\u00e7\u00e3o efetivada at\u00e9 o dia 15 de julho, j\u00e1 est\u00e3o com a matr\u00edcula garantida.<\/p>\n<p style=\"font-weight: 400;\">Os alunos matriculados iniciar\u00e3o as aulas no 2\u00ba semestre de 2022. \u201cEsta \u00e9 mais uma op\u00e7\u00e3o de ensino \u00e0s fam\u00edlias da nossa cidade de inserir os filhos em um sistema de ensino p\u00fablico diferenciado, com foco nos valores c\u00edvicos, diferente do convencional\u201d, destacou o Prefeito Toninho Colucci.<\/p>\n<p style=\"font-weight: 400;\">A nova Escola C\u00edvico Municipal \u00e9 a primeira do Litoral Norte de S\u00e3o Paulo nos molde \u201cc\u00edvico-militar\u201d. Localizada no bairro do Reino, ter\u00e1 10 salas de aula, vesti\u00e1rios, laborat\u00f3rio de inform\u00e1tica, refeit\u00f3rio, cozinha, \u00e1reas administrativas, p\u00e1tio, quadra e playground coberto.<\/p>\n<p style=\"font-weight: 400;\">A Escola C\u00edvico Municipal de Ilhabela seguir\u00e1 os moldes do Programa Nacional das Escolas C\u00edvico-Militares, uma iniciativa do Minist\u00e9rio da Educa\u00e7\u00e3o, em parceria com o Minist\u00e9rio da Defesa, que apresenta um conceito de gest\u00e3o nas \u00e1reas educacional, did\u00e1tico-pedag\u00f3gico e administrativa.<\/p>\n","protected":false},"excerpt":{"rendered":"<p>A Prefeitura de Ilhabela iniciou nesta segunda-feira (18), a efetiva\u00e7\u00e3o das matriculas para a Escola C\u00edvico Municipal, que seguem at\u00e9 sexta-feira (22). As novas matr\u00edculas s\u00e3o para compor as classes dos 6\u00ba, 7\u00ba e 8\u00ba anos, que n\u00e3o completaram o n\u00famero m\u00e1ximo de 25 alunos. Os alunos que tiveram a inscri\u00e7\u00e3o efetivada at\u00e9 o dia [&hellip;]<\/p>\n","protected":false},"author":26,"featured_media":6034,"comment_status":"open","ping_status":"open","sticky":false,"template":"","format":"standard","meta":{"footnotes":""},"categories":[19,2,3],"tags":[],"class_list":["post-6033","post","type-post","status-publish","format-standard","has-post-thumbnail","hentry","category-educacao","category-geral","category-ilhabela"],"aioseo_notices":[],"_links":{"self":[{"href":"https:\/\/lrm67.com\/index.php\/wp-json\/wp\/v2\/posts\/6033","targetHints":{"allow":["GET"]}}],"collection":[{"href":"https:\/\/lrm67.com\/index.php\/wp-json\/wp\/v2\/posts"}],"about":[{"href":"https:\/\/lrm67.com\/index.php\/wp-json\/wp\/v2\/types\/post"}],"author":[{"embeddable":true,"href":"https:\/\/lrm67.com\/index.php\/wp-json\/wp\/v2\/users\/26"}],"replies":[{"embeddable":true,"href":"https:\/\/lrm67.com\/index.php\/wp-json\/wp\/v2\/comments?post=6033"}],"version-history":[{"count":1,"href":"https:\/\/lrm67.com\/index.php\/wp-json\/wp\/v2\/posts\/6033\/revisions"}],"predecessor-version":[{"id":6035,"href":"https:\/\/lrm67.com\/index.php\/wp-json\/wp\/v2\/posts\/6033\/revisions\/6035"}],"wp:featuredmedia":[{"embeddable":true,"href":"https:\/\/lrm67.com\/index.php\/wp-json\/wp\/v2\/media\/6034"}],"wp:attachment":[{"href":"https:\/\/lrm67.com\/index.php\/wp-json\/wp\/v2\/media?parent=6033"}],"wp:term":[{"taxonomy":"category","embeddable":true,"href":"https:\/\/lrm67.com\/index.php\/wp-json\/wp\/v2\/categories?post=6033"},{"taxonomy":"post_tag","embeddable":true,"href":"https:\/\/lrm67.com\/index.php\/wp-json\/wp\/v2\/tags?post=6033"}],"curies":[{"name":"wp","href":"https:\/\/api.w.org\/{rel}","templated":true}]}}